{"id":50558,"date":"2024-08-13T16:51:00","date_gmt":"2024-08-13T19:51:00","guid":{"rendered":"https:\/\/www.radiopresidenteibanez.cl\/web\/?p=50558"},"modified":"2024-08-13T11:29:29","modified_gmt":"2024-08-13T14:29:29","slug":"mercado-blumar-imparte-taller-de-cocina-funcional-dirigido-a-estudiantes-de-la-escuela-paul-harris","status":"publish","type":"post","link":"https:\/\/www.radiopresidenteibanez.cl\/web\/mercado-blumar-imparte-taller-de-cocina-funcional-dirigido-a-estudiantes-de-la-escuela-paul-harris\/","title":{"rendered":"MERCADO BLUMAR IMPARTE TALLER DE COCINA FUNCIONAL DIRIGIDO A ESTUDIANTES DE LA ESCUELA PAUL HARRIS"},"content":{"rendered":"\n<p>Buscando que los estudiantes sean m\u00e1s aut\u00f3nomos y tengan herramientas que les sirvan<br>para la vida diaria, Mercado Blumar imparti\u00f3 un taller de cocina funcional para j\u00f3venes de la<br>Escuela Especial Paul Harris de Punta Arenas.<br>\u201cFue una muy linda experiencia, muy enriquecedora para nosotros. Pudimos compartir los<br>productos de la tienda, ense\u00f1arles a los j\u00f3venes qu\u00e9 formatos trabajamos, c\u00f3mo se produce<br>el salm\u00f3n a grandes rasgos, c\u00f3mo lleg\u00f3 a nuestra mesa para que lo pudi\u00e9ramos preparar en<br>formato ceviche y en formato pizza, con salm\u00f3n ahumado\u201d, coment\u00f3 la jefa de tienda<br>Mercado Blumar, Trinidad Amezaga.<br>Asimismo, manifest\u00f3 que \u201clos estudiantes valoraron much\u00edsimo la experiencia; creo que para<br>las profesoras tambi\u00e9n fue un aporte, as\u00ed que estamos felices de haber realizado esta<br>actividad y esperamos seguir haci\u00e9ndolo durante el a\u00f1o\u201d.<br>El chef David Ojeda tambi\u00e9n valor\u00f3 la instancia porque \u201ces un formato distinto de lo que<br>habitualmente hacemos, pero se dio una buena colaboraci\u00f3n y un ambiente distendido para<br>pasar el tiempo y pasarlo bien\u201d.<br>Por su parte, la profesora encargada del taller, Evangelina Gallardo, mencion\u00f3 que el principal<br>objetivo fue \u201capoyar a los j\u00f3venes a convertirse en personas m\u00e1s aut\u00f3nomas y funcionales,<br>que sean capaces de hacer m\u00e1s cosas, especialmente en sus hogares\u201d.<br>Adem\u00e1s, la docente agreg\u00f3 que \u201ctenemos un grupo de alumnos que tiene muchas ganas de<br>aprender a cocinar. Agradecemos a Blumar que nos apoya en esta etapa. El taller me parece<br>maravilloso. Eran cosas a las que no ten\u00edamos acceso, y que ellos vean y hagan esto es algo<br>muy novedoso\u201d.<\/p>\n","protected":false},"excerpt":{"rendered":"<p>Buscando que los estudiantes sean m\u00e1s aut\u00f3nomos y tengan herramientas que les sirvanpara la vida diaria, Mercado Blumar imparti\u00f3 un taller de cocina funcional para j\u00f3venes de laEscuela Especial Paul&#8230; <a class=\"read-more\" href=\"https:\/\/www.radiopresidenteibanez.cl\/web\/mercado-blumar-imparte-taller-de-cocina-funcional-dirigido-a-estudiantes-de-la-escuela-paul-harris\/\">Leer m\u00e1s<\/a><\/p>\n","protected":false},"author":2,"featured_media":50559,"comment_status":"closed","ping_status":"closed","sticky":false,"template":"","format":"standard","meta":{"footnotes":""},"categories":[1],"tags":[],"class_list":["post-50558","post","type-post","status-publish","format-standard","has-post-thumbnail","hentry","category-cronica"],"_links":{"self":[{"href":"https:\/\/www.radiopresidenteibanez.cl\/web\/wp-json\/wp\/v2\/posts\/50558","targetHints":{"allow":["GET"]}}],"collection":[{"href":"https:\/\/www.radiopresidenteibanez.cl\/web\/wp-json\/wp\/v2\/posts"}],"about":[{"href":"https:\/\/www.radiopresidenteibanez.cl\/web\/wp-json\/wp\/v2\/types\/post"}],"author":[{"embeddable":true,"href":"https:\/\/www.radiopresidenteibanez.cl\/web\/wp-json\/wp\/v2\/users\/2"}],"replies":[{"embeddable":true,"href":"https:\/\/www.radiopresidenteibanez.cl\/web\/wp-json\/wp\/v2\/comments?post=50558"}],"version-history":[{"count":0,"href":"https:\/\/www.radiopresidenteibanez.cl\/web\/wp-json\/wp\/v2\/posts\/50558\/revisions"}],"wp:featuredmedia":[{"embeddable":true,"href":"https:\/\/www.radiopresidenteibanez.cl\/web\/wp-json\/wp\/v2\/media\/50559"}],"wp:attachment":[{"href":"https:\/\/www.radiopresidenteibanez.cl\/web\/wp-json\/wp\/v2\/media?parent=50558"}],"wp:term":[{"taxonomy":"category","embeddable":true,"href":"https:\/\/www.radiopresidenteibanez.cl\/web\/wp-json\/wp\/v2\/categories?post=50558"},{"taxonomy":"post_tag","embeddable":true,"href":"https:\/\/www.radiopresidenteibanez.cl\/web\/wp-json\/wp\/v2\/tags?post=50558"}],"curies":[{"name":"wp","href":"https:\/\/api.w.org\/{rel}","templated":true}]}}