{"id":50555,"date":"2024-08-13T15:53:00","date_gmt":"2024-08-13T18:53:00","guid":{"rendered":"https:\/\/www.radiopresidenteibanez.cl\/web\/?p=50555"},"modified":"2024-08-13T11:26:04","modified_gmt":"2024-08-13T14:26:04","slug":"mas-de-1-300-asistentes-se-reuniran-en-chile-la-proxima-semana-para-el-mayor-evento-mundial-de-ciencia-antartica","status":"publish","type":"post","link":"https:\/\/www.radiopresidenteibanez.cl\/web\/mas-de-1-300-asistentes-se-reuniran-en-chile-la-proxima-semana-para-el-mayor-evento-mundial-de-ciencia-antartica\/","title":{"rendered":"MAS DE 1.300 ASISTENTES SE REUNIRAN EN CHILE LA PROXIMA SEMANA PARA EL MAYOR EVENTO MUNDIAL DE CIENCIA ANTARTICA"},"content":{"rendered":"\n<p>La pr\u00f3xima semana, Chile ser\u00e1 el escenario de uno de los eventos m\u00e1s importantes para la ciencia ant\u00e1rtica a nivel mundial. Desde el 19 al 23 de agosto en Puc\u00f3n se llevar\u00e1 a cabo la <strong>Conferencia Abierta del Comit\u00e9 Cient\u00edfico de Investigaci\u00f3n Ant\u00e1rtica <\/strong>(SCAR, por sus siglas en ingl\u00e9s), evento que ya tiene confirmados a un poco m\u00e1s de 1.300 investigadores e investigadoras de 57 pa\u00edses.&nbsp;<\/p>\n\n\n\n<p>Asimismo, desde el 26 al 28 de este mes se efectuar\u00e1 la <strong>Reuni\u00f3n de Delegados del SCAR<\/strong> en Punta Arenas. Ambos eventos son organizados por el SCAR, el Comit\u00e9 Nacional de Investigaciones Ant\u00e1rticas (CNIA) y el Instituto Ant\u00e1rtico Chileno (INACH). Con esto, Chile se consolida como un referente en la investigaci\u00f3n del Continente Blanco y en la promoci\u00f3n de la cooperaci\u00f3n internacional.<\/p>\n\n\n\n<p>Este encuentro mundial ha sido una plataforma clave que, durante m\u00e1s de dos d\u00e9cadas, ha servido para el intercambio de conocimientos y la colaboraci\u00f3n entre investigadoras e investigadores de diversas disciplinas.<\/p>\n\n\n\n<p>Esta conferencia bianual es el principal evento del SCAR, cuya misi\u00f3n es fomentar y facilitar la investigaci\u00f3n internacional en la Ant\u00e1rtica y el oc\u00e9ano Austral. Bajo el lema <strong>\u201cCiencia Ant\u00e1rtica: Encrucijada para una nueva esperanza\u201d<\/strong>, ofrecer\u00e1 un espacio para que 1.430 investigaciones sean presentadas y participen m\u00e1s de 1.300 personas, cubriendo una amplia gama de tem\u00e1ticas que van desde las ciencias f\u00edsicas y de la Tierra hasta las ciencias de la vida y las ciencias sociales.<\/p>\n\n\n\n<p>Adem\u00e1s de las presentaciones cient\u00edficas, la conferencia incluir\u00e1 conferencias plenarias, minisimposios, sesiones paralelas, mesas redondas y presentaciones de p\u00f3steres cient\u00edficos. Tambi\u00e9n se llevar\u00e1n a cabo actividades destinadas a involucrar a la comunidad local, subrayando la importancia de la ciencia ant\u00e1rtica no solo para la comunidad cient\u00edfica, sino tambi\u00e9n para el p\u00fablico en general.<\/p>\n\n\n\n<p>La importancia de esta reuni\u00f3n radica en su capacidad para coordinar y potenciar los esfuerzos de investigaci\u00f3n a nivel global, alineando las prioridades cient\u00edficas con los desaf\u00edos actuales, como el cambio clim\u00e1tico, la p\u00e9rdida de masa glaciar y los riesgos para la biodiversidad \u00fanica del Continente Blanco.<\/p>\n\n\n\n<p>La celebraci\u00f3n de estos dos eventos en Chile subraya el liderazgo del pa\u00eds en la investigaci\u00f3n ant\u00e1rtica y su compromiso con la ciencia a nivel internacional. Es un hito significativo, siendo la segunda vez que Latinoam\u00e9rica acoge el foro m\u00e1s importante de la ciencia ant\u00e1rtica global, marcando el regreso a las conferencias presenciales tras un receso de seis a\u00f1os.<\/p>\n\n\n\n<p><strong>A\u00f1o Polar Internacional 2032-33<\/strong><\/p>\n\n\n\n<p>La reuni\u00f3n ser\u00e1 tambi\u00e9n un hito en el camino que conduce al A\u00f1o Polar Internacional 2032-33 (International Polar Year 2032-33), el esfuerzo m\u00e1s grande de la historia por comprender los alcances de los cambios que las altas latitudes australes y boreales est\u00e1n experimentando.&nbsp;<\/p>\n\n\n\n<p>Por cierto, esta conferencia ocurre en un momento clave de la humanidad, con concentraciones de di\u00f3xido de carbono superiores a las que cualquier otro representante de nuestra especie haya experimentado en sus 350.000 a\u00f1os sobre la faz de la Tierra.<\/p>\n\n\n\n<p>El Comit\u00e9 Cient\u00edfico para la Investigaci\u00f3n Ant\u00e1rtica (Scientific Committee on Antarctic Research, SCAR) es un comit\u00e9 del Consejo Internacional para la Ciencia (ISC) y fue fundado en 1958. En la reuni\u00f3n ant\u00e1rtica del International Council of Scientific Unions (ICSU), celebrada en Estocolmo en 1957, se acord\u00f3 crear un comit\u00e9 para supervisar la investigaci\u00f3n cient\u00edfica en la Ant\u00e1rtica. En aquel momento hab\u00eda 12 naciones que realizaban activamente investigaciones ant\u00e1rticas, entre las cuales se encontraba Chile y que nombraron un delegado para formar parte de un Comit\u00e9 Especial en Investigaci\u00f3n Ant\u00e1rtica (Special Committee on Antarctic Research).<\/p>\n\n\n\n<p>Con una programaci\u00f3n diversa y la activa participaci\u00f3n de la comunidad cient\u00edfica, las reuniones de SCAR 2024 prometen marcar un antes y un despu\u00e9s en la ciencia polar. Para m\u00e1s informaci\u00f3n sobre la conferencia y sus actividades, se puede visitar el sitio web: <a href=\"http:\/\/www.scar2024.org\/\" target=\"_blank\" rel=\"noreferrer noopener\"><strong>www.scar2024.org<\/strong><\/a><strong>.<\/strong><\/p>\n\n\n\n<p><strong>Espacio para la comunidad<\/strong><\/p>\n\n\n\n<p>Se han organizado diversas actividades para que las y los asistentes de la conferencia y la comunidad de la regi\u00f3n de la Araucan\u00eda conozcan m\u00e1s sobre la importancia de la Ant\u00e1rtica. Por esta raz\u00f3n, estas actividades son gratuitas y abiertas al p\u00fablico, entre las que se cuentan:&nbsp;<\/p>\n\n\n\n<ul class=\"wp-block-list\">\n<li>Expo SCAR OSC 2024. Exposici\u00f3n de artesan\u00edas con inspiraci\u00f3n ant\u00e1rtica. Gimnasio Municipal de Puc\u00f3n.<\/li>\n\n\n\n<li>Exposici\u00f3n de Ilustraciones Naturalistas de Mauricio \u00c1lvarez. Universidad de la Frontera, sede Puc\u00f3n.\u00a0<\/li>\n\n\n\n<li>Exposici\u00f3n fotogr\u00e1fica ant\u00e1rtica de John Weller. Enjoy Gran Hotel Casino Puc\u00f3n.\u00a0<\/li>\n\n\n\n<li>Festival de Cine Documental Ant\u00e1rtico. Universidad de la Frontera (Puc\u00f3n) y Liquen Centro Cultural (Villarrica).<\/li>\n<\/ul>\n\n\n\n<p>La Conferencia Abierta de SCAR se realiza en Puc\u00f3n por su larga tradici\u00f3n de realizaci\u00f3n de encuentros cient\u00edficos y porque la vegetaci\u00f3n que rodea la ciudad de Puc\u00f3n consiste en m\u00e1s de 50 familias de plantas que hallan su origen en la Ant\u00e1rtica del pasado. Si a ello se suma la existencia de lagos y volcanes, el paisaje se transforma en parte del relato que convierte a Chile y su historia natural en un heredero directo de las biotas ant\u00e1rticas de fines de la Era de los Dinosaurios.<\/p>\n\n\n\n<p>Punta Arenas, en tanto, se ha destacado hist\u00f3ricamente como un puerto clave por donde pasaron numerosos c\u00e9lebres expedicionarios durante la \u00e9poca dorada de la exploraci\u00f3n polar. En la actualidad, la ciudad es reconocida como la principal puerta de entrada a la Ant\u00e1rtica, permitiendo el tr\u00e1nsito de m\u00e1s de veinte pa\u00edses en su ruta al Continente Blanco. Gracias a su ubicaci\u00f3n privilegiada e infraestructura, la ciudad austral se ha convertido en un punto fundamental para la exploraci\u00f3n, investigaci\u00f3n y colaboraci\u00f3n cient\u00edfica. Asimismo desde 2003, la sede del INACH, la principal instituci\u00f3n nacional dedicada a la investigaci\u00f3n polar, se sit\u00faa en la capital regional.<\/p>\n\n\n\n<p>El INACH es un organismo t\u00e9cnico del Ministerio de Relaciones Exteriores con plena autonom\u00eda en todo lo relacionado con asuntos ant\u00e1rticos de car\u00e1cter cient\u00edfico, tecnol\u00f3gico y de difusi\u00f3n. El INACH cumple con la Pol\u00edtica Ant\u00e1rtica Nacional incentivando el desarrollo de la investigaci\u00f3n de excelencia, participando efectivamente en el Sistema del Tratado Ant\u00e1rtico y foros relacionados, fortaleciendo a Magallanes como puerta de entrada al Continente Blanco y realizando acciones de divulgaci\u00f3n del conocimiento ant\u00e1rtico en la ciudadan\u00eda. El INACH organiza el Programa Nacional de Ciencia Ant\u00e1rtica (PROCIEN).<\/p>\n","protected":false},"excerpt":{"rendered":"<p>La pr\u00f3xima semana, Chile ser\u00e1 el escenario de uno de los eventos m\u00e1s importantes para la ciencia ant\u00e1rtica a nivel mundial. Desde el 19 al 23 de agosto en Puc\u00f3n&#8230; <a class=\"read-more\" href=\"https:\/\/www.radiopresidenteibanez.cl\/web\/mas-de-1-300-asistentes-se-reuniran-en-chile-la-proxima-semana-para-el-mayor-evento-mundial-de-ciencia-antartica\/\">Leer m\u00e1s<\/a><\/p>\n","protected":false},"author":2,"featured_media":50556,"comment_status":"closed","ping_status":"closed","sticky":false,"template":"","format":"standard","meta":{"footnotes":""},"categories":[1],"tags":[],"class_list":["post-50555","post","type-post","status-publish","format-standard","has-post-thumbnail","hentry","category-cronica"],"_links":{"self":[{"href":"https:\/\/www.radiopresidenteibanez.cl\/web\/wp-json\/wp\/v2\/posts\/50555","targetHints":{"allow":["GET"]}}],"collection":[{"href":"https:\/\/www.radiopresidenteibanez.cl\/web\/wp-json\/wp\/v2\/posts"}],"about":[{"href":"https:\/\/www.radiopresidenteibanez.cl\/web\/wp-json\/wp\/v2\/types\/post"}],"author":[{"embeddable":true,"href":"https:\/\/www.radiopresidenteibanez.cl\/web\/wp-json\/wp\/v2\/users\/2"}],"replies":[{"embeddable":true,"href":"https:\/\/www.radiopresidenteibanez.cl\/web\/wp-json\/wp\/v2\/comments?post=50555"}],"version-history":[{"count":0,"href":"https:\/\/www.radiopresidenteibanez.cl\/web\/wp-json\/wp\/v2\/posts\/50555\/revisions"}],"wp:featuredmedia":[{"embeddable":true,"href":"https:\/\/www.radiopresidenteibanez.cl\/web\/wp-json\/wp\/v2\/media\/50556"}],"wp:attachment":[{"href":"https:\/\/www.radiopresidenteibanez.cl\/web\/wp-json\/wp\/v2\/media?parent=50555"}],"wp:term":[{"taxonomy":"category","embeddable":true,"href":"https:\/\/www.radiopresidenteibanez.cl\/web\/wp-json\/wp\/v2\/categories?post=50555"},{"taxonomy":"post_tag","embeddable":true,"href":"https:\/\/www.radiopresidenteibanez.cl\/web\/wp-json\/wp\/v2\/tags?post=50555"}],"curies":[{"name":"wp","href":"https:\/\/api.w.org\/{rel}","templated":true}]}}