{"id":50549,"date":"2024-08-13T13:09:00","date_gmt":"2024-08-13T16:09:00","guid":{"rendered":"https:\/\/www.radiopresidenteibanez.cl\/web\/?p=50549"},"modified":"2024-08-13T10:53:42","modified_gmt":"2024-08-13T13:53:42","slug":"organizan-en-punta-arenas-la-primera-agrupacion-de-mujeres-portuarias-en-la-patagonia","status":"publish","type":"post","link":"https:\/\/www.radiopresidenteibanez.cl\/web\/organizan-en-punta-arenas-la-primera-agrupacion-de-mujeres-portuarias-en-la-patagonia\/","title":{"rendered":"ORGANIZAN EN PUNTA ARENAS LA PRIMERA AGRUPACION DE MUJERES PORTUARIAS EN LA PATAGONIA"},"content":{"rendered":"\n<p>Con el fr\u00edo viento golpeando los rostros, una transformaci\u00f3n silenciosa pero poderosa ha comenzado a tomar forma. Unas 30 mujeres trabajadoras de los puertos Arturo Prat y Mardones de Punta Arenas tomaron la decisi\u00f3n de organizarse en lo que ser\u00e1 la primera agrupaci\u00f3n de mujeres portuarias de la Patagonia. El proceso organizativo est\u00e1 siendo acompa\u00f1ado por la concejala Ver\u00f3nica Aguilar, tambi\u00e9n candidata a alcaldesa de Punta Arenas por el pacto de las fueras progresistas de la regi\u00f3n.<\/p>\n\n\n\n<p>Por largos a\u00f1os, los puertos de Magallanes fueron espacios ocupados exclusivamente por hombres, quienes enfrentaban el rudo trabajo de carga y descarga, moldeados por el rigor del mar y el clima. Ver\u00f3nica Aguilar, junto al Sindicato de Portuarios Unidos (estibadores), ha empujado un movimiento que est\u00e1 escribiendo un nuevo cap\u00edtulo en la historia de los puertos de la Patagonia. Lo que comenz\u00f3 como una simple conversaci\u00f3n, motivada por la necesidad de reconocer y visibilizar a las m\u00e1s de 30 mujeres que hoy trabajan en los puertos en diversas labores, ha germinado en la creaci\u00f3n de la primera Agrupaci\u00f3n de Mujeres Portuarias de la Patagonia, que ser\u00e1 formalizada durante la primera quincena de septiembre. La iniciativa es un paso hacia la construcci\u00f3n de una comunidad m\u00e1s inclusiva y equitativa.<\/p>\n\n\n\n<p>Para muchas de las trabajadoras, llegar al puerto no hab\u00eda sido un camino f\u00e1cil. Algunas hab\u00edan enfrentado el escepticismo de sus familias, que ve\u00edan el trabajo portuario como algo \u00abde hombres\u00bb. Otras, hab\u00edan luchado contra sus propios miedos y prejuicios, impulsadas por la necesidad de sacar adelante a sus familias. Pero todas, sin excepci\u00f3n, compart\u00edan un orgullo profundo por haber logrado abrirse un espacio en un mundo que, hasta hace poco, les parec\u00eda inaccesible.<\/p>\n\n\n\n<p>Ver\u00f3nica Aguilar, escuchando con atenci\u00f3n cada relato, comprendi\u00f3 que era momento de pasar a la acci\u00f3n. No solo se trataba de reconocer a estas mujeres, sino de brindarles un espacio donde pudieran apoyarse mutuamente, compartir experiencias y, sobre todo, luchar por sus derechos laborales. As\u00ed naci\u00f3 la idea de la Agrupaci\u00f3n de Mujeres Portuarias de la Patagonia.<\/p>\n\n\n\n<p>La creaci\u00f3n de esta agrupaci\u00f3n marca un hito no solo para la regi\u00f3n, sino para todo el pa\u00eds. Es un s\u00edmbolo del cambio de los tiempos, de la apertura de nuevos espacios para las mujeres en sectores donde antes no ten\u00edan cabida. Es tambi\u00e9n un recordatorio de que, cuando las mujeres se organizan y luchan juntas, son capaces de transformar realidades y construir un futuro m\u00e1s justo e inclusivo.<\/p>\n\n\n\n<p>\u201cQu\u00e9 orgullo m\u00e1s grande siento de ser parte de este tipo de iniciativas y transformaciones\u201d, expres\u00f3 la candidata a alcaldesa de Punta Arenas.<\/p>\n\n\n\n<p>El puerto Arturo Prat de Punta Arenas es un punto estrat\u00e9gico en el Estrecho de Magallanes, con un tr\u00e1fico mar\u00edtimo en constante aumento debido a su relevancia en el comercio global, sobre todo luego de las dificultades de la ruta por el Canal de Panam\u00e1 por la falta de lluvias. Durante los primeros meses de 2024, el tr\u00e1fico de embarcaciones en el Estrecho ha crecido un 25% en comparaci\u00f3n con el a\u00f1o anterior, y se espera un incremento adicional del 70% en el tr\u00e1fico anual. Este aumento incluye buques mercantes, gaseros, portacontenedores, flotas pesqueras y embarcaciones de turismo internacional.<\/p>\n","protected":false},"excerpt":{"rendered":"<p>Con el fr\u00edo viento golpeando los rostros, una transformaci\u00f3n silenciosa pero poderosa ha comenzado a tomar forma. Unas 30 mujeres trabajadoras de los puertos Arturo Prat y Mardones de Punta&#8230; <a class=\"read-more\" href=\"https:\/\/www.radiopresidenteibanez.cl\/web\/organizan-en-punta-arenas-la-primera-agrupacion-de-mujeres-portuarias-en-la-patagonia\/\">Leer m\u00e1s<\/a><\/p>\n","protected":false},"author":2,"featured_media":50550,"comment_status":"closed","ping_status":"closed","sticky":false,"template":"","format":"standard","meta":{"footnotes":""},"categories":[1],"tags":[],"class_list":["post-50549","post","type-post","status-publish","format-standard","has-post-thumbnail","hentry","category-cronica"],"_links":{"self":[{"href":"https:\/\/www.radiopresidenteibanez.cl\/web\/wp-json\/wp\/v2\/posts\/50549","targetHints":{"allow":["GET"]}}],"collection":[{"href":"https:\/\/www.radiopresidenteibanez.cl\/web\/wp-json\/wp\/v2\/posts"}],"about":[{"href":"https:\/\/www.radiopresidenteibanez.cl\/web\/wp-json\/wp\/v2\/types\/post"}],"author":[{"embeddable":true,"href":"https:\/\/www.radiopresidenteibanez.cl\/web\/wp-json\/wp\/v2\/users\/2"}],"replies":[{"embeddable":true,"href":"https:\/\/www.radiopresidenteibanez.cl\/web\/wp-json\/wp\/v2\/comments?post=50549"}],"version-history":[{"count":0,"href":"https:\/\/www.radiopresidenteibanez.cl\/web\/wp-json\/wp\/v2\/posts\/50549\/revisions"}],"wp:featuredmedia":[{"embeddable":true,"href":"https:\/\/www.radiopresidenteibanez.cl\/web\/wp-json\/wp\/v2\/media\/50550"}],"wp:attachment":[{"href":"https:\/\/www.radiopresidenteibanez.cl\/web\/wp-json\/wp\/v2\/media?parent=50549"}],"wp:term":[{"taxonomy":"category","embeddable":true,"href":"https:\/\/www.radiopresidenteibanez.cl\/web\/wp-json\/wp\/v2\/categories?post=50549"},{"taxonomy":"post_tag","embeddable":true,"href":"https:\/\/www.radiopresidenteibanez.cl\/web\/wp-json\/wp\/v2\/tags?post=50549"}],"curies":[{"name":"wp","href":"https:\/\/api.w.org\/{rel}","templated":true}]}}