{"id":50546,"date":"2024-08-13T11:55:00","date_gmt":"2024-08-13T14:55:00","guid":{"rendered":"https:\/\/www.radiopresidenteibanez.cl\/web\/?p=50546"},"modified":"2024-08-13T10:41:16","modified_gmt":"2024-08-13T13:41:16","slug":"consolidacion-de-estrategias-para-avanzar-hacia-la-diversificacion-productiva-de-tierra-del-fuego","status":"publish","type":"post","link":"https:\/\/www.radiopresidenteibanez.cl\/web\/consolidacion-de-estrategias-para-avanzar-hacia-la-diversificacion-productiva-de-tierra-del-fuego\/","title":{"rendered":"CONSOLIDACION DE ESTRATEGIAS PARA AVANZAR HACIA LA DIVERSIFICACION PRODUCTIVA DE TIERRA DEL FUEGO"},"content":{"rendered":"\n<p>Los acuerdos se realizaron en el contexto de la Tercera Mesa por la Diversificaci\u00f3n Productiva,<br>instancia convocada por la Secretar\u00eda Regional Ministerial de Econom\u00eda, Fomento y Turismo junto<br>a la Secretar\u00eda Regional Ministerial de Hacienda y la Delegaci\u00f3n Presidencial Provincial de Tierra<br>del Fuego, con el objetivo de identificar oportunidades y desaf\u00edos enfocados en impulsar una<br>econom\u00eda diversa y sostenible en el largo plazo en la provincia.<br>Con este punto de partida, durante la sesi\u00f3n se sentaron las bases para implementar un plan de<br>acci\u00f3n basado en potenciar las alternativas productivas que existen en el territorio, las que<br>corresponden a los sectores agropecuarios, energ\u00e9ticos y tur\u00edsticos principalmente, las que deben<br>ir acompa\u00f1adas por el desarrollo de infraestructura adecuada y la formaci\u00f3n del capital humano<br>capacitado para hacer frente al desaf\u00edo de la diversificaci\u00f3n productiva.<br>En esta direcci\u00f3n, Corfo, present\u00f3 un informe de identificaci\u00f3n de polos productivos de la<br>provincia y las alternativas que existen para apoyar posibles inversiones en el territorio \u201cel apoyo<br>de Corfo es clave en este proceso, hemos identificado la iniciativas para buscar los<br>apalancamientos financieros que corresponden, por eso est\u00e1n todos los servicios aqu\u00ed, con el<br>objetivo de darle pertinencia provincial y robustecer esta lista de iniciativas que van a<br>transformarse en un plan de acci\u00f3n en el corto plazo\u201d se\u00f1al\u00f3 la seremi de Econom\u00eda, Fomento y<br>Turismo, Marlene Espa\u00f1a .<br>La propuesta es potenciar los polos productivos, por medio del acompa\u00f1amiento a las iniciativas<br>presentes en la provincia de manera que puedan acceder a los apoyos p\u00fablicos y privados<br>disponibles, que por parte del Estado se vincular\u00e1n principalmente a las diversas herramientas de<br>fomento y desarrollo disponibles. Por este motivo, durante la tercera sesi\u00f3n estuvieron presentes,<br>entre otros, Sercotec, Fosis, Indespa, el Servicio Agr\u00edcola y Ganadero, la Secretar\u00eda Regional<br>Ministerial de Agricultura e Indap, quienes desde sus \u00e1reas presentaron las alternativas de apoyo<br>financiero y t\u00e9cnico existentes para el impulso de las iniciativas, que actualmente corresponden a<br>micro y peque\u00f1as empresas locales mayoritariamente.<br>Desde el \u00e1rea de formaci\u00f3n, una de las apuestas es Innova TP presentada por el CFT de<br>Magallanes, una estrategia para acelerar los procesos de difusi\u00f3n, adopci\u00f3n y transferencia<br>tecnol\u00f3gica con la finalidad de generar herramientas para el capital humano de manera que<br>puedan generar proyectos socio productivos de desarrollo sostenible con el apoyo de entidades<br>p\u00fablicas relacionadas.<\/p>\n","protected":false},"excerpt":{"rendered":"<p>Los acuerdos se realizaron en el contexto de la Tercera Mesa por la Diversificaci\u00f3n Productiva,instancia convocada por la Secretar\u00eda Regional Ministerial de Econom\u00eda, Fomento y Turismo juntoa la Secretar\u00eda Regional&#8230; <a class=\"read-more\" href=\"https:\/\/www.radiopresidenteibanez.cl\/web\/consolidacion-de-estrategias-para-avanzar-hacia-la-diversificacion-productiva-de-tierra-del-fuego\/\">Leer m\u00e1s<\/a><\/p>\n","protected":false},"author":2,"featured_media":50547,"comment_status":"closed","ping_status":"closed","sticky":false,"template":"","format":"standard","meta":{"footnotes":""},"categories":[1],"tags":[],"class_list":["post-50546","post","type-post","status-publish","format-standard","has-post-thumbnail","hentry","category-cronica"],"_links":{"self":[{"href":"https:\/\/www.radiopresidenteibanez.cl\/web\/wp-json\/wp\/v2\/posts\/50546","targetHints":{"allow":["GET"]}}],"collection":[{"href":"https:\/\/www.radiopresidenteibanez.cl\/web\/wp-json\/wp\/v2\/posts"}],"about":[{"href":"https:\/\/www.radiopresidenteibanez.cl\/web\/wp-json\/wp\/v2\/types\/post"}],"author":[{"embeddable":true,"href":"https:\/\/www.radiopresidenteibanez.cl\/web\/wp-json\/wp\/v2\/users\/2"}],"replies":[{"embeddable":true,"href":"https:\/\/www.radiopresidenteibanez.cl\/web\/wp-json\/wp\/v2\/comments?post=50546"}],"version-history":[{"count":0,"href":"https:\/\/www.radiopresidenteibanez.cl\/web\/wp-json\/wp\/v2\/posts\/50546\/revisions"}],"wp:featuredmedia":[{"embeddable":true,"href":"https:\/\/www.radiopresidenteibanez.cl\/web\/wp-json\/wp\/v2\/media\/50547"}],"wp:attachment":[{"href":"https:\/\/www.radiopresidenteibanez.cl\/web\/wp-json\/wp\/v2\/media?parent=50546"}],"wp:term":[{"taxonomy":"category","embeddable":true,"href":"https:\/\/www.radiopresidenteibanez.cl\/web\/wp-json\/wp\/v2\/categories?post=50546"},{"taxonomy":"post_tag","embeddable":true,"href":"https:\/\/www.radiopresidenteibanez.cl\/web\/wp-json\/wp\/v2\/tags?post=50546"}],"curies":[{"name":"wp","href":"https:\/\/api.w.org\/{rel}","templated":true}]}}