{"id":50543,"date":"2024-08-13T10:32:41","date_gmt":"2024-08-13T13:32:41","guid":{"rendered":"https:\/\/www.radiopresidenteibanez.cl\/web\/?p=50543"},"modified":"2024-08-13T10:32:46","modified_gmt":"2024-08-13T13:32:46","slug":"diputada-javiera-morales-presento-a-ana-marlen-guerra-como-candidata-a-la-medalla-derechos-humanos-y-democracia-de-la-universidad-de-chile","status":"publish","type":"post","link":"https:\/\/www.radiopresidenteibanez.cl\/web\/diputada-javiera-morales-presento-a-ana-marlen-guerra-como-candidata-a-la-medalla-derechos-humanos-y-democracia-de-la-universidad-de-chile\/","title":{"rendered":"DIPUTADA JAVIERA MORALES PRESENTO A ANA MARLEN GUERRA COMO CANDIDATA A LA \u00abMEDALLA DERECHOS HUMANOS Y DEMOCRACIA\u00bb DE LA UNIVERSIDAD DE CHILE"},"content":{"rendered":"\n<p>La iniciativa surge desde el Frente de Culturas del reci\u00e9n&nbsp;constituido partido Frente Amplio<br>en Magallanes, tras consultarlo con sus bases, se propuso relevar a nivel nacional a la<br>escritora, gestora cultural y defensora de derechos humanos magall\u00e1nica, Ana Marlen<br>Guerra Encina, quien se ha desempe\u00f1ado en la defensa del medio ambiente y de los<br>derechos humanos, lo que ha sido reconocido a nivel local, nacional e internacional.<br>La escritora y defensora magall\u00e1nica cuenta con una amplia trayectoria en materia de<br>memoria, a trav\u00e9s de la creaci\u00f3n de la \u201cAgrupaci\u00f3n Hijos y Nietos por la Memoria\u201d, el que<br>visibiliza el da\u00f1o transgeneracional de los hijos e hijas, nietas y nietos de las v\u00edctimas y<br>sobrevivientes de la dictadura c\u00edvico militar. Mediante distintos formatos como el<br>audiovisual, permite construir y conservar la memoria a casi 51 a\u00f1os del golpe de Estado.<br>Al mismo tiempo, Ana Marlen se destaca en la vida cultural de Magallanes por su rol de<br>gestora cultural, editora, escritora y activista ambiental, todos estos como espacios que<br>profundizan la vida democr\u00e1tica.<br>La distinci\u00f3n universitaria \u201cMedalla Derechos Humanos y Democracia\u201d, otorgada por la<br>Universidad de Chile, fue creada en el marco de la conmemoraci\u00f3n de los 50 a\u00f1os del golpe<br>de Estado, para reconocer a quienes hayan realizado una destacada contribuci\u00f3n en materia<br>de derechos humanos y democracia&nbsp;en el \u00e1mbito nacional. Este a\u00f1o se celebra su segunda<br>entrega, que conlleva la obtenci\u00f3n de una medalla y diploma con su nombre por parte de la<br>instituci\u00f3n universitaria.<br>El Frente de Culturas del Frente Amplio, junto a la \u201cAgrupaci\u00f3n Hijos y Nietos por la<br>Memoria\u201d presentaron diversas cartas de apoyo de dirigentes sociales, autoridades<br>regionales y agrupaciones sociales, tanto a nivel regional, nacional y del extranjero. Esta<br>postulaci\u00f3n es conducida por la diputada Javiera Morales Alvarado, como representante<br>electa de la Regi\u00f3n de Magallanes y de la Ant\u00e1rtica Chilena, para darle un realce regional y<br>nacional.<br>\u201cAna Marlen ha dedicado gran parte de su vida a cultivar la memoria de la regi\u00f3n m\u00e1s<br>austral de nuestro pa\u00eds. Desde que fund\u00f3 la \u2018Agrupaci\u00f3n Hijos y Nietos de la Memoria\u2019 ha<br>visibilizado el da\u00f1o que sufrieron las generaciones descendientes de las v\u00edctimas de la<br>dictadura chilena a trav\u00e9s del arte, la cultura, el di\u00e1logo, la colaboraci\u00f3n e intervenciones<br>p\u00fablicas. Una realidad de la que poco hemos conversado, pero que es necesario relevar si<br>queremos sanar despu\u00e9s de ya 50 a\u00f1os del golpe c\u00edvico-militar\u201d, destac\u00f3 la parlamentaria.<\/p>\n","protected":false},"excerpt":{"rendered":"<p>La iniciativa surge desde el Frente de Culturas del reci\u00e9n&nbsp;constituido partido Frente Amplioen Magallanes, tras consultarlo con sus bases, se propuso relevar a nivel nacional a laescritora, gestora cultural y&#8230; <a class=\"read-more\" href=\"https:\/\/www.radiopresidenteibanez.cl\/web\/diputada-javiera-morales-presento-a-ana-marlen-guerra-como-candidata-a-la-medalla-derechos-humanos-y-democracia-de-la-universidad-de-chile\/\">Leer m\u00e1s<\/a><\/p>\n","protected":false},"author":2,"featured_media":50544,"comment_status":"closed","ping_status":"closed","sticky":false,"template":"","format":"standard","meta":{"footnotes":""},"categories":[1],"tags":[],"class_list":["post-50543","post","type-post","status-publish","format-standard","has-post-thumbnail","hentry","category-cronica"],"_links":{"self":[{"href":"https:\/\/www.radiopresidenteibanez.cl\/web\/wp-json\/wp\/v2\/posts\/50543","targetHints":{"allow":["GET"]}}],"collection":[{"href":"https:\/\/www.radiopresidenteibanez.cl\/web\/wp-json\/wp\/v2\/posts"}],"about":[{"href":"https:\/\/www.radiopresidenteibanez.cl\/web\/wp-json\/wp\/v2\/types\/post"}],"author":[{"embeddable":true,"href":"https:\/\/www.radiopresidenteibanez.cl\/web\/wp-json\/wp\/v2\/users\/2"}],"replies":[{"embeddable":true,"href":"https:\/\/www.radiopresidenteibanez.cl\/web\/wp-json\/wp\/v2\/comments?post=50543"}],"version-history":[{"count":0,"href":"https:\/\/www.radiopresidenteibanez.cl\/web\/wp-json\/wp\/v2\/posts\/50543\/revisions"}],"wp:featuredmedia":[{"embeddable":true,"href":"https:\/\/www.radiopresidenteibanez.cl\/web\/wp-json\/wp\/v2\/media\/50544"}],"wp:attachment":[{"href":"https:\/\/www.radiopresidenteibanez.cl\/web\/wp-json\/wp\/v2\/media?parent=50543"}],"wp:term":[{"taxonomy":"category","embeddable":true,"href":"https:\/\/www.radiopresidenteibanez.cl\/web\/wp-json\/wp\/v2\/categories?post=50543"},{"taxonomy":"post_tag","embeddable":true,"href":"https:\/\/www.radiopresidenteibanez.cl\/web\/wp-json\/wp\/v2\/tags?post=50543"}],"curies":[{"name":"wp","href":"https:\/\/api.w.org\/{rel}","templated":true}]}}