{"id":50537,"date":"2024-08-13T09:37:00","date_gmt":"2024-08-13T12:37:00","guid":{"rendered":"https:\/\/www.radiopresidenteibanez.cl\/web\/?p=50537"},"modified":"2024-08-13T08:41:01","modified_gmt":"2024-08-13T11:41:01","slug":"tabsa-recibio-a-estudiantes-del-insuco-que-buscan-conocer-espacios-laborales","status":"publish","type":"post","link":"https:\/\/www.radiopresidenteibanez.cl\/web\/tabsa-recibio-a-estudiantes-del-insuco-que-buscan-conocer-espacios-laborales\/","title":{"rendered":"TABSA RECIBIO A ESTUDIANTES DEL INSUCO QUE BUSCAN CONOCER ESPACIOS LABORALES"},"content":{"rendered":"\n<p>Una treintena de estudiantes de la carrera de Administraci\u00f3n con menci\u00f3n en Log\u00edstica del Instituto Superior de Comercio (INSUCO) realizaron un recorrido por las instalaciones del ferry Pathagon de TABSA con el prop\u00f3sito de interiorizarse sobre el trabajo que se desarrolla a bordo y acercarse al mundo laboral.<\/p>\n\n\n\n<p>As\u00ed lo destac\u00f3 Jocelyn Oyarzo, docente de Operaci\u00f3n de Almacenamiento y Bodega del INSUCO para quien esta experiencia sirve para que los alumnos de 4to medio \u201cvean si realmente les interesa el mundo de la log\u00edstica y administraci\u00f3n. Con este recorrido se pueden interiorizar en el mundo laboral en el que est\u00e1n pr\u00f3ximos a adentrarse. TABSA tambi\u00e9n entrega otras instancias, hace tres meses hicimos un paseo por la bah\u00eda de Punta Arenas as\u00ed es que est\u00e1n m\u00e1s familiarizados con el quehacer la empresa\u201d.<\/p>\n\n\n\n<p>La actividad se realiz\u00f3 en conjunto con ONG Canales cuyo coordinador de proyectos, Alejandro Acevedo explic\u00f3 que esta se enmarca en el mes de la Educaci\u00f3n T\u00e9cnica. \u201cBuscamos acercar a los estudiantes de 4to medio al mundo del trabajo a trav\u00e9s de este tipo de actividades en las que tienen la oportunidad de visitar instituciones o empresas a fines de la especialidad que est\u00e1n estudiando\u201d, dijo.<\/p>\n\n\n\n<p>Los estudiantes tambi\u00e9n fueron acompa\u00f1ados por David Garc\u00eda, coordinar de carreras CFT Magallanes quien reiter\u00f3 que el recorrido busca \u201cvincular a los estudiantes al sector productivo y aproximarlos al mundo laboral ya que est\u00e1n cerca de egresar de sus carreras\u201d.<\/p>\n","protected":false},"excerpt":{"rendered":"<p>Una treintena de estudiantes de la carrera de Administraci\u00f3n con menci\u00f3n en Log\u00edstica del Instituto Superior de Comercio (INSUCO) realizaron un recorrido por las instalaciones del ferry Pathagon de TABSA&#8230; <a class=\"read-more\" href=\"https:\/\/www.radiopresidenteibanez.cl\/web\/tabsa-recibio-a-estudiantes-del-insuco-que-buscan-conocer-espacios-laborales\/\">Leer m\u00e1s<\/a><\/p>\n","protected":false},"author":2,"featured_media":50538,"comment_status":"closed","ping_status":"closed","sticky":false,"template":"","format":"standard","meta":{"footnotes":""},"categories":[1],"tags":[],"class_list":["post-50537","post","type-post","status-publish","format-standard","has-post-thumbnail","hentry","category-cronica"],"_links":{"self":[{"href":"https:\/\/www.radiopresidenteibanez.cl\/web\/wp-json\/wp\/v2\/posts\/50537","targetHints":{"allow":["GET"]}}],"collection":[{"href":"https:\/\/www.radiopresidenteibanez.cl\/web\/wp-json\/wp\/v2\/posts"}],"about":[{"href":"https:\/\/www.radiopresidenteibanez.cl\/web\/wp-json\/wp\/v2\/types\/post"}],"author":[{"embeddable":true,"href":"https:\/\/www.radiopresidenteibanez.cl\/web\/wp-json\/wp\/v2\/users\/2"}],"replies":[{"embeddable":true,"href":"https:\/\/www.radiopresidenteibanez.cl\/web\/wp-json\/wp\/v2\/comments?post=50537"}],"version-history":[{"count":0,"href":"https:\/\/www.radiopresidenteibanez.cl\/web\/wp-json\/wp\/v2\/posts\/50537\/revisions"}],"wp:featuredmedia":[{"embeddable":true,"href":"https:\/\/www.radiopresidenteibanez.cl\/web\/wp-json\/wp\/v2\/media\/50538"}],"wp:attachment":[{"href":"https:\/\/www.radiopresidenteibanez.cl\/web\/wp-json\/wp\/v2\/media?parent=50537"}],"wp:term":[{"taxonomy":"category","embeddable":true,"href":"https:\/\/www.radiopresidenteibanez.cl\/web\/wp-json\/wp\/v2\/categories?post=50537"},{"taxonomy":"post_tag","embeddable":true,"href":"https:\/\/www.radiopresidenteibanez.cl\/web\/wp-json\/wp\/v2\/tags?post=50537"}],"curies":[{"name":"wp","href":"https:\/\/api.w.org\/{rel}","templated":true}]}}