{"id":50534,"date":"2024-08-13T08:23:38","date_gmt":"2024-08-13T11:23:38","guid":{"rendered":"https:\/\/www.radiopresidenteibanez.cl\/web\/?p=50534"},"modified":"2024-08-13T08:23:42","modified_gmt":"2024-08-13T11:23:42","slug":"consejo-aprueba-reevaluacion-e-incremento-de-recursos-para-el-desarrollo-regional","status":"publish","type":"post","link":"https:\/\/www.radiopresidenteibanez.cl\/web\/consejo-aprueba-reevaluacion-e-incremento-de-recursos-para-el-desarrollo-regional\/","title":{"rendered":"CONSEJO APRUEBA REEVALUACION E INCREMENTO DE RECURSOS PARA EL DESARROLLO REGIONAL"},"content":{"rendered":"\n<p>En la vig\u00e9sima primera Sesi\u00f3n del Consejo Regional, se sancionaron los 12 puntos de la tabla, todos con positivos resultados.<\/p>\n\n\n\n<p>Uno de los temas destacados fue la reevaluaci\u00f3n del proyecto para la mejora del emblem\u00e1tico centro costumbrista de Laguna Blanca, con un presupuesto de M$871.754.<\/p>\n\n\n\n<p>EL alcalde, Fernando Ojeda, se refiri\u00f3 a las proyecciones del centro destacando: \u2018\u2018Queremos desarrollarla tur\u00edsticamente, para eso es este proyecto, no solo es para el festival de la esquila, una actividad que cumple sus 30 versiones. Ahora queremos reinaugurarlo, desarrollarnos como comuna tur\u00edsticamente, hacer un circuito tur\u00edstico, tener actividades culturales, gastron\u00f3micas\u2019\u2019.<\/p>\n\n\n\n<p>Tambi\u00e9n fue sancionado el incremento de fondos para la construcci\u00f3n de una plaza c\u00edvica en la poblaci\u00f3n Archipi\u00e9lago de Chilo\u00e9, en el sector sur de Punta Arenas. El monto adicional aprobado alcanza los $74.809.000, elevando el total del proyecto a M$1.036.895. Este proyecto incluir\u00e1 la construcci\u00f3n de una zona de juegos, m\u00e1quinas de ejercicios, un anfiteatro, as\u00ed como la instalaci\u00f3n de luminarias, pavimentos y estacionamientos.<\/p>\n\n\n\n<p>Sobre el punto, el Consejero Miguel Sierpe coment\u00f3: \u2018\u2018El crecimiento demogr\u00e1fico del sector sur merece que vaya acompa\u00f1ado no solamente de esta plaza, sino que, d\u00e9 una mirada de mayor crecimiento respecto a lo que es la importancia del sector sur en el desarrollo total de la comuna de Punta Arenas\u2019\u2019, haciendo alusi\u00f3n a la necesidad de una segunda compa\u00f1\u00eda de bomberos y un ret\u00e9n de carabineros.<\/p>\n\n\n\n<p>A pesar de la larga espera para la concreci\u00f3n del proyecto, la Consejera Roxana Gallardo, respald\u00f3 las observaciones de su colega, se\u00f1alando que las nuevas poblaciones requieren m\u00e1s que plazas: \u2018\u2018Cuando se entregan poblaciones, la gente no necesita m\u00e1s plazas, necesita m\u00e1s jardines infantiles, para no tener que cruzar todo el sector, buscando un cupo disponible para poder llevar a sus ni\u00f1os y tenerlos lo m\u00e1s cerca, se necesitan ampliar los consultorios, nuevos jardines infantiles.<\/p>\n\n\n\n<p><strong>Recursos aprobados para el respaldo deportivo de la regi\u00f3n.<\/strong><\/p>\n\n\n\n<p>En el \u00e1mbito deportivo, se aprob\u00f3 por unanimidad la asignaci\u00f3n de fondos para dos importantes iniciativas. Se autoriz\u00f3 el financiamiento de $3.123.000 para una velada de boxeo con los campeones nacionales, lo que permitir\u00e1 cubrir gastos de pasajes, hospedaje y transporte del cuadril\u00e1tero de Box.<\/p>\n\n\n\n<p>Tambi\u00e9n, se asignaron $12.958.000 para apoyar los tres Magall\u00e1nicos clasificados para representar a Chile en el mundial de ajedrez en Europa.<\/p>\n\n\n\n<p>Sobre esta ultima el Consejero Antonio Bradasic agreg\u00f3: \u2018\u2018Es en esta edad donde ellos deben recibir m\u00e1s claramente el apoyo, para motivarlos e incentivarlos a seguir cultivando su disciplina y que sirvan de ejemplo para otros\u2019\u2019.<\/p>\n","protected":false},"excerpt":{"rendered":"<p>En la vig\u00e9sima primera Sesi\u00f3n del Consejo Regional, se sancionaron los 12 puntos de la tabla, todos con positivos resultados. Uno de los temas destacados fue la reevaluaci\u00f3n del proyecto&#8230; <a class=\"read-more\" href=\"https:\/\/www.radiopresidenteibanez.cl\/web\/consejo-aprueba-reevaluacion-e-incremento-de-recursos-para-el-desarrollo-regional\/\">Leer m\u00e1s<\/a><\/p>\n","protected":false},"author":2,"featured_media":50535,"comment_status":"closed","ping_status":"closed","sticky":false,"template":"","format":"standard","meta":{"footnotes":""},"categories":[1],"tags":[],"class_list":["post-50534","post","type-post","status-publish","format-standard","has-post-thumbnail","hentry","category-cronica"],"_links":{"self":[{"href":"https:\/\/www.radiopresidenteibanez.cl\/web\/wp-json\/wp\/v2\/posts\/50534","targetHints":{"allow":["GET"]}}],"collection":[{"href":"https:\/\/www.radiopresidenteibanez.cl\/web\/wp-json\/wp\/v2\/posts"}],"about":[{"href":"https:\/\/www.radiopresidenteibanez.cl\/web\/wp-json\/wp\/v2\/types\/post"}],"author":[{"embeddable":true,"href":"https:\/\/www.radiopresidenteibanez.cl\/web\/wp-json\/wp\/v2\/users\/2"}],"replies":[{"embeddable":true,"href":"https:\/\/www.radiopresidenteibanez.cl\/web\/wp-json\/wp\/v2\/comments?post=50534"}],"version-history":[{"count":0,"href":"https:\/\/www.radiopresidenteibanez.cl\/web\/wp-json\/wp\/v2\/posts\/50534\/revisions"}],"wp:featuredmedia":[{"embeddable":true,"href":"https:\/\/www.radiopresidenteibanez.cl\/web\/wp-json\/wp\/v2\/media\/50535"}],"wp:attachment":[{"href":"https:\/\/www.radiopresidenteibanez.cl\/web\/wp-json\/wp\/v2\/media?parent=50534"}],"wp:term":[{"taxonomy":"category","embeddable":true,"href":"https:\/\/www.radiopresidenteibanez.cl\/web\/wp-json\/wp\/v2\/categories?post=50534"},{"taxonomy":"post_tag","embeddable":true,"href":"https:\/\/www.radiopresidenteibanez.cl\/web\/wp-json\/wp\/v2\/tags?post=50534"}],"curies":[{"name":"wp","href":"https:\/\/api.w.org\/{rel}","templated":true}]}}