{"id":50528,"date":"2024-08-12T19:23:00","date_gmt":"2024-08-12T22:23:00","guid":{"rendered":"https:\/\/www.radiopresidenteibanez.cl\/web\/?p=50528"},"modified":"2024-08-12T11:52:55","modified_gmt":"2024-08-12T14:52:55","slug":"de-la-seremi-de-energia-y-educa-sostenible-directoras-de-integra-magallanes-elogian-material-educativo-sobre-eficiencia-energetica-y-energias-renovables","status":"publish","type":"post","link":"https:\/\/www.radiopresidenteibanez.cl\/web\/de-la-seremi-de-energia-y-educa-sostenible-directoras-de-integra-magallanes-elogian-material-educativo-sobre-eficiencia-energetica-y-energias-renovables\/","title":{"rendered":"De la Seremi de Energ\u00eda y Educa Sostenible: Directoras de Integra Magallanes elogian material educativo sobre eficiencia energ\u00e9tica y energ\u00edas renovables"},"content":{"rendered":"\n<p>Esta semana, la Secretar\u00eda Regional Ministerial de Energ\u00eda de Magallanes entreg\u00f3 material<br>educativo especializado para educaci\u00f3n parvularia sobre eficiencia energ\u00e9tica y energ\u00edas renovables a directoras de jardines infantiles de la Fundaci\u00f3n Integra.<br>Junto con ello, las educadoras realizaron una jornada de trabajo para familiarizarse con la herramienta pedag\u00f3gica que ha seguido siendo actualizada.<br>L\u00daDICA Y ESPECIALIZADA<br>En la oportunidad, el equipo de directoras recibi\u00f3 muy bien el material pedag\u00f3gico que, tras revisarlo, pudieron compararlo con el primero que lleg\u00f3, constatando una positiva evoluci\u00f3n, \u201cya que el que ten\u00edamos hab\u00eda que adecuarlo para este ciclo educativo\u201d, cont\u00f3<br>Ang\u00e9lica Saldivia, Coordinadora T\u00e9cnica del Departamento Educativo de Fundaci\u00f3n Integra.<br>\u201cLas directoras ya hab\u00edan visto el material anterior y visualizamos la evoluci\u00f3n que han tenido estos contenidos sobre temas energ\u00e9ticos (\u2026). El material estaba dirigido al nivel de transiciones casi siempre, entonces hab\u00eda que adecuarlo; sin embargo, ha habido una ruta de aprendizaje donde se aprecian avances importantes, lo cual resulta muy atractivo para ni\u00f1as y ni\u00f1os, pues se emplea desde una instancia l\u00fadica y creativa\u201d, detall\u00f3 la Saldivia.<br>Al respecto, el seremi de Energ\u00eda de Magallanes, Sergio Cuiti\u00f1o cit\u00f3 las palabras del Presidente Gabriel Boric, en el sentido de realzar la importancia del trabajo asociativo entre los diversos servicios sectoriales ligados a la educaci\u00f3n y donde se entienda a \u00e9sta como una eficaz herramienta para el desarrollo humano y el progreso sostenible de la sociedad.<br>\u201cEl material pedag\u00f3gico ha sido actualizado para cumplir con los m\u00e1s altos est\u00e1ndares en materia de educaci\u00f3n energ\u00e9tica. Y esto se ha hecho gracias al trabajo de educadoras de p\u00e1rvulos de la regi\u00f3n, de Profesionales de la Seremi de Energ\u00eda y de la Agencia de Sostenibilidad Energ\u00e9tica -a trav\u00e9s de su iniciativa Educa Sostenible- para, finalmente, obtener la validaci\u00f3n de la Subsecretar\u00eda de Educaci\u00f3n Parvularia\u201d.<br>Asimismo, la autoridad regional de Energ\u00eda destac\u00f3 el inter\u00e9s de las directoras de Fundaci\u00f3n Integra y del Ministerio de Energ\u00eda por incorporar contenidos energ\u00e9ticos al curr\u00edculo de la primera infancia \u201ccon el fin de fortalecer desde los primeros a\u00f1os de aprendizaje, una cultura de la eficiencia energ\u00e9tica y su decisiva importancia de cara a los desaf\u00edos medioambientales de Chile y el mundo\u201d, dijo el seremi Cuiti\u00f1o.<br>Por su parte, el director regional de Fundaci\u00f3n Integra, Alan Carrasco Concha, destac\u00f3 la importancia de la participaci\u00f3n de los 11 jardines infantiles de la regi\u00f3n en el programa educativo integral sobre eficiencia energ\u00e9tica.<br>\u201cValoramos enormemente que nuestros jardines infantiles se sumen a esta iniciativa, que fomenta y fortalece el aprendizaje de las ni\u00f1as y ni\u00f1os en temas de energ\u00eda, sostenibilidad y ciudadan\u00eda,<br>permitiendo utilizar recursos educativos creados en la regi\u00f3n, los cuales contaron con la colaboraci\u00f3n de educadores de p\u00e1rvulos, y actividades pedag\u00f3gicas de acuerdo a las Bases Curriculares de Educaci\u00f3n Parvularia\u201d dijo y agreg\u00f3: \u201cAdem\u00e1s, se destaca la f\u00e1cil comprensi\u00f3n del material para su desarrollo en experiencias educativas por parte de los equipos docentes, permitiendo adaptarlos a las caracter\u00edsticas y necesidades de los ni\u00f1os y ni\u00f1as, y su metodolog\u00eda l\u00fadica favorece la exploraci\u00f3n desde este primer nivel educativo\u201d.<br>Finalmente, Carrasco agradeci\u00f3 a la Secretar\u00eda Regional Ministerial de Energ\u00eda \u201cpor incluir a los jardines infantiles de Fundaci\u00f3n Integra en esta iniciativa, comprometi\u00e9ndonos como instituci\u00f3n a la utilizaci\u00f3n del material en el proceso educativo\u00bb.<br>EDUCA SOSTENIBLE<br>El material pedag\u00f3gico entregado a los jardines infantiles Integra se enmarca en el trabajo que ha ido desarrollando la iniciativa denominada Educa Sostenible que impulsa la cartera de Energ\u00eda e<br>implementa la Agencia de Sostenibilidad Energ\u00e9tica, la cual busca aportar al desarrollo de procesos educativos e informativos con enfoque de g\u00e9nero e intercultural para que las personas y las comunidades educativas promuevan la sostenibilidad energ\u00e9tica desde una mirada global, nacional y local.<\/p>\n\n\n\n<p><\/p>\n","protected":false},"excerpt":{"rendered":"<p>Esta semana, la Secretar\u00eda Regional Ministerial de Energ\u00eda de Magallanes entreg\u00f3 materialeducativo especializado para educaci\u00f3n parvularia sobre eficiencia energ\u00e9tica y energ\u00edas renovables a directoras de jardines infantiles de la Fundaci\u00f3n&#8230; <a class=\"read-more\" href=\"https:\/\/www.radiopresidenteibanez.cl\/web\/de-la-seremi-de-energia-y-educa-sostenible-directoras-de-integra-magallanes-elogian-material-educativo-sobre-eficiencia-energetica-y-energias-renovables\/\">Leer m\u00e1s<\/a><\/p>\n","protected":false},"author":2,"featured_media":50529,"comment_status":"closed","ping_status":"closed","sticky":false,"template":"","format":"standard","meta":{"footnotes":""},"categories":[1],"tags":[],"class_list":["post-50528","post","type-post","status-publish","format-standard","has-post-thumbnail","hentry","category-cronica"],"_links":{"self":[{"href":"https:\/\/www.radiopresidenteibanez.cl\/web\/wp-json\/wp\/v2\/posts\/50528","targetHints":{"allow":["GET"]}}],"collection":[{"href":"https:\/\/www.radiopresidenteibanez.cl\/web\/wp-json\/wp\/v2\/posts"}],"about":[{"href":"https:\/\/www.radiopresidenteibanez.cl\/web\/wp-json\/wp\/v2\/types\/post"}],"author":[{"embeddable":true,"href":"https:\/\/www.radiopresidenteibanez.cl\/web\/wp-json\/wp\/v2\/users\/2"}],"replies":[{"embeddable":true,"href":"https:\/\/www.radiopresidenteibanez.cl\/web\/wp-json\/wp\/v2\/comments?post=50528"}],"version-history":[{"count":0,"href":"https:\/\/www.radiopresidenteibanez.cl\/web\/wp-json\/wp\/v2\/posts\/50528\/revisions"}],"wp:featuredmedia":[{"embeddable":true,"href":"https:\/\/www.radiopresidenteibanez.cl\/web\/wp-json\/wp\/v2\/media\/50529"}],"wp:attachment":[{"href":"https:\/\/www.radiopresidenteibanez.cl\/web\/wp-json\/wp\/v2\/media?parent=50528"}],"wp:term":[{"taxonomy":"category","embeddable":true,"href":"https:\/\/www.radiopresidenteibanez.cl\/web\/wp-json\/wp\/v2\/categories?post=50528"},{"taxonomy":"post_tag","embeddable":true,"href":"https:\/\/www.radiopresidenteibanez.cl\/web\/wp-json\/wp\/v2\/tags?post=50528"}],"curies":[{"name":"wp","href":"https:\/\/api.w.org\/{rel}","templated":true}]}}