{"id":50525,"date":"2024-08-12T17:53:00","date_gmt":"2024-08-12T20:53:00","guid":{"rendered":"https:\/\/www.radiopresidenteibanez.cl\/web\/?p=50525"},"modified":"2024-08-12T11:23:06","modified_gmt":"2024-08-12T14:23:06","slug":"liceos-tecnico-profesionales-del-slep-magallanes-participaron-en-inedito-encuentro-nacional","status":"publish","type":"post","link":"https:\/\/www.radiopresidenteibanez.cl\/web\/liceos-tecnico-profesionales-del-slep-magallanes-participaron-en-inedito-encuentro-nacional\/","title":{"rendered":"LICEOS TECNICO-PROFESIONALES DEL SLEP MAGALLANES PARTICIPARON EN INEDITO ENCUENTRO NACIONAL"},"content":{"rendered":"\n<p>Los directores y miembros de equipos directivos de los siete liceos t\u00e9cnico profesionales p\u00fablicos de Magallanes viajaron a un encuentro en Santiago para analizar junto a sus pares de todo el pa\u00eds las f\u00f3rmulas para el desarrollo de este \u00e1mbito formativo en el sistema escolar.<\/p>\n\n\n\n<p>Se trat\u00f3 de una iniciativa in\u00e9dita que permiti\u00f3, por primera vez, el encuentro de los responsables de guiar estos establecimientos para reflexionar sobre su trabajo y conocer las novedades en la formaci\u00f3n t\u00e9cnico profesional.<\/p>\n\n\n\n<p>Una de estas novedades fue un estudio que revel\u00f3 las aspiraciones de los estudiantes a trav\u00e9s de una encuesta que incluy\u00f3 a tres recintos educativos de Magallanes. El informe se conoci\u00f3 durante el \u201cSeminario internacional aspiraciones estudiantiles: desaf\u00edos para la formaci\u00f3n TP\u201d, instancia que cont\u00f3 con la participaci\u00f3n de la Subsecretaria de Educaci\u00f3n, Alejandra Arriata, y el director de Educaci\u00f3n P\u00fablica, Rodrigo Ega\u00f1a.<\/p>\n\n\n\n<p>La delegaci\u00f3n magall\u00e1nica particip\u00f3 tambi\u00e9n en una jornada doble de trabajo sobre fortalecimiento de la educaci\u00f3n t\u00e9cnico profesional en la que compartieron experiencias con pares de otras zonas del pa\u00eds, por ejemplo, sobre el Consejo Asesor para el Desarrollo Educativo T\u00e9cnico Profesional, el acompa\u00f1amiento que reciben desde las unidades de apoyo t\u00e9cnico pedag\u00f3gico de los SLEP y la identificaci\u00f3n de los desaf\u00edos para el aprendizaje.<\/p>\n\n\n\n<p>El director del Liceo Polivalente Sara Braun, N\u00e9stor R\u00edos, indic\u00f3 que fueron \u201cdos jornadas extensas de arduo trabajo en las que once Servicios Locales del pa\u00eds interactuamos fuertemente, expusimos sobre la mirada de cada colegio y de cada Servicio Local respecto a una mirada com\u00fan que propone el ministerio y nos quedamos con tareas para que cada Servicio, de aqu\u00ed al corto plazo, entregue una mirada conjunta entre todos los colegios TP\u201d.<\/p>\n\n\n\n<p>Por su parte, el director del Liceo Polit\u00e9cnico Luis Cruz Mart\u00ednez de Puerto Natales, Juan Crovetto, dijo que fue \u201cuna experiencia muy satisfactoria que tambi\u00e9n nos empodera y nos hace entender que la realidad es que cada establecimiento TP de la regi\u00f3n no es solo un elemento particular, sino que adem\u00e1s es una realidad nacional con elementos muy similares, tanto en la instalaci\u00f3n de los Servicios Locales como tambi\u00e9n en las problem\u00e1ticas, los desaf\u00edos y las experiencias exitosas que estamos llevando a cabo dentro de todo el pa\u00eds\u201d. Agreg\u00f3 que otro elemento a considerar es que el Consejo Asesor para el Desarrollo Educativo T\u00e9cnico Profesional se vuelve cada vez m\u00e1s relevante en el desarrollo de los proyectos.<\/p>\n","protected":false},"excerpt":{"rendered":"<p>Los directores y miembros de equipos directivos de los siete liceos t\u00e9cnico profesionales p\u00fablicos de Magallanes viajaron a un encuentro en Santiago para analizar junto a sus pares de todo&#8230; <a class=\"read-more\" href=\"https:\/\/www.radiopresidenteibanez.cl\/web\/liceos-tecnico-profesionales-del-slep-magallanes-participaron-en-inedito-encuentro-nacional\/\">Leer m\u00e1s<\/a><\/p>\n","protected":false},"author":2,"featured_media":50526,"comment_status":"closed","ping_status":"closed","sticky":false,"template":"","format":"standard","meta":{"footnotes":""},"categories":[1],"tags":[],"class_list":["post-50525","post","type-post","status-publish","format-standard","has-post-thumbnail","hentry","category-cronica"],"_links":{"self":[{"href":"https:\/\/www.radiopresidenteibanez.cl\/web\/wp-json\/wp\/v2\/posts\/50525","targetHints":{"allow":["GET"]}}],"collection":[{"href":"https:\/\/www.radiopresidenteibanez.cl\/web\/wp-json\/wp\/v2\/posts"}],"about":[{"href":"https:\/\/www.radiopresidenteibanez.cl\/web\/wp-json\/wp\/v2\/types\/post"}],"author":[{"embeddable":true,"href":"https:\/\/www.radiopresidenteibanez.cl\/web\/wp-json\/wp\/v2\/users\/2"}],"replies":[{"embeddable":true,"href":"https:\/\/www.radiopresidenteibanez.cl\/web\/wp-json\/wp\/v2\/comments?post=50525"}],"version-history":[{"count":0,"href":"https:\/\/www.radiopresidenteibanez.cl\/web\/wp-json\/wp\/v2\/posts\/50525\/revisions"}],"wp:featuredmedia":[{"embeddable":true,"href":"https:\/\/www.radiopresidenteibanez.cl\/web\/wp-json\/wp\/v2\/media\/50526"}],"wp:attachment":[{"href":"https:\/\/www.radiopresidenteibanez.cl\/web\/wp-json\/wp\/v2\/media?parent=50525"}],"wp:term":[{"taxonomy":"category","embeddable":true,"href":"https:\/\/www.radiopresidenteibanez.cl\/web\/wp-json\/wp\/v2\/categories?post=50525"},{"taxonomy":"post_tag","embeddable":true,"href":"https:\/\/www.radiopresidenteibanez.cl\/web\/wp-json\/wp\/v2\/tags?post=50525"}],"curies":[{"name":"wp","href":"https:\/\/api.w.org\/{rel}","templated":true}]}}