{"id":50522,"date":"2024-08-12T16:41:00","date_gmt":"2024-08-12T19:41:00","guid":{"rendered":"https:\/\/www.radiopresidenteibanez.cl\/web\/?p=50522"},"modified":"2024-08-12T11:13:22","modified_gmt":"2024-08-12T14:13:22","slug":"plaza-de-justicia-y-dd-hh-brindara-atenciones-el-martes-13-en-inacap","status":"publish","type":"post","link":"https:\/\/www.radiopresidenteibanez.cl\/web\/plaza-de-justicia-y-dd-hh-brindara-atenciones-el-martes-13-en-inacap\/","title":{"rendered":"\u201cPLAZA DE JUSTICIA Y DD.HH.\u201d BRINDAR\u00c1 ATENCIONES EL MARTES 13 EN INACAP"},"content":{"rendered":"\n<p>Diversos servicios del Ministerio de Justicia se har\u00e1n presentes en un operativo de atenciones, a trav\u00e9s de una nueva \u201cPlaza de Justicia y Derechos Humanos\u201d, la cual tendr\u00e1 lugar este martes 13 de agosto, de 18:00 a 20:00 horas en dependencias de la sede de INACAP Punta Arenas (Avenida Bulnes Km. 4 Norte.<\/p>\n\n\n\n<p>Un llamado a hacerse parte de esta instancia, principalmente a la comunidad educativa de este recinto, formul\u00f3 la Seremi del ramo, Michelle Peutat Alvarado. Este espacio permitir\u00e1 a usuarias y usuarios recibir diversas prestaciones como: obtenci\u00f3n de c\u00e9dulas de identidad y pasaportes, Clave \u00danica y certificados del Registro Civil; orientaci\u00f3n jur\u00eddica gratuita en los \u00e1mbitos de familia, civil, laboral y penal; informaci\u00f3n del proceso de eliminaci\u00f3n de antecedentes penales, entre otras.<\/p>\n\n\n\n<p>De ah\u00ed que inst\u00f3 a la comunidad a que se acerque este martes a las dependencias de INACAP a formular consultas, recibir orientaci\u00f3n y realizar distintos tr\u00e1mites, para los cuales se encontrar\u00e1n presentes ese d\u00eda: el Servicio de Registro Civil e Identificaci\u00f3n, la Corporaci\u00f3n de Asistencia Judicial, Gendarmer\u00eda de Chile y la Secretar\u00eda Regional Ministerial de Justicia y Derechos Humanos.<\/p>\n\n\n\n<p>Finalmente, inst\u00f3 a usuarios y usuarias a mantenerse atentos a las redes sociales de la SEREM\u00cdA de Justicia y DD.HH., acerca de la realizaci\u00f3n de futuras atenciones extraordinarias en Punta Arenas y otras comunas de la regi\u00f3n.<\/p>\n","protected":false},"excerpt":{"rendered":"<p>Diversos servicios del Ministerio de Justicia se har\u00e1n presentes en un operativo de atenciones, a trav\u00e9s de una nueva \u201cPlaza de Justicia y Derechos Humanos\u201d, la cual tendr\u00e1 lugar este&#8230; <a class=\"read-more\" href=\"https:\/\/www.radiopresidenteibanez.cl\/web\/plaza-de-justicia-y-dd-hh-brindara-atenciones-el-martes-13-en-inacap\/\">Leer m\u00e1s<\/a><\/p>\n","protected":false},"author":2,"featured_media":50523,"comment_status":"closed","ping_status":"closed","sticky":false,"template":"","format":"standard","meta":{"footnotes":""},"categories":[1],"tags":[],"class_list":["post-50522","post","type-post","status-publish","format-standard","has-post-thumbnail","hentry","category-cronica"],"_links":{"self":[{"href":"https:\/\/www.radiopresidenteibanez.cl\/web\/wp-json\/wp\/v2\/posts\/50522","targetHints":{"allow":["GET"]}}],"collection":[{"href":"https:\/\/www.radiopresidenteibanez.cl\/web\/wp-json\/wp\/v2\/posts"}],"about":[{"href":"https:\/\/www.radiopresidenteibanez.cl\/web\/wp-json\/wp\/v2\/types\/post"}],"author":[{"embeddable":true,"href":"https:\/\/www.radiopresidenteibanez.cl\/web\/wp-json\/wp\/v2\/users\/2"}],"replies":[{"embeddable":true,"href":"https:\/\/www.radiopresidenteibanez.cl\/web\/wp-json\/wp\/v2\/comments?post=50522"}],"version-history":[{"count":0,"href":"https:\/\/www.radiopresidenteibanez.cl\/web\/wp-json\/wp\/v2\/posts\/50522\/revisions"}],"wp:featuredmedia":[{"embeddable":true,"href":"https:\/\/www.radiopresidenteibanez.cl\/web\/wp-json\/wp\/v2\/media\/50523"}],"wp:attachment":[{"href":"https:\/\/www.radiopresidenteibanez.cl\/web\/wp-json\/wp\/v2\/media?parent=50522"}],"wp:term":[{"taxonomy":"category","embeddable":true,"href":"https:\/\/www.radiopresidenteibanez.cl\/web\/wp-json\/wp\/v2\/categories?post=50522"},{"taxonomy":"post_tag","embeddable":true,"href":"https:\/\/www.radiopresidenteibanez.cl\/web\/wp-json\/wp\/v2\/tags?post=50522"}],"curies":[{"name":"wp","href":"https:\/\/api.w.org\/{rel}","templated":true}]}}