{"id":50519,"date":"2024-08-12T15:49:00","date_gmt":"2024-08-12T18:49:00","guid":{"rendered":"https:\/\/www.radiopresidenteibanez.cl\/web\/?p=50519"},"modified":"2024-08-12T10:40:54","modified_gmt":"2024-08-12T13:40:54","slug":"seremi-transporte-por-dichos-de-alcaldesa-de-rio-verde-distorsionar-la-informacion-respecto-a-los-procesos-es-una-falta-de-respeto-al-esfuerzo-y-compromiso-de-los-funcionarios-que-ven-como","status":"publish","type":"post","link":"https:\/\/www.radiopresidenteibanez.cl\/web\/seremi-transporte-por-dichos-de-alcaldesa-de-rio-verde-distorsionar-la-informacion-respecto-a-los-procesos-es-una-falta-de-respeto-al-esfuerzo-y-compromiso-de-los-funcionarios-que-ven-como\/","title":{"rendered":"Seremi transporte por dichos de alcaldesa de R\u00edo Verde: \u201cDistorsionar la informaci\u00f3n respecto a los procesos, es una falta de respeto al esfuerzo y compromiso de los funcionarios, que ven c\u00f3mo las y los candidatos tratan de lavar su gesti\u00f3n denostando la seriedad de su trabajo\u201d"},"content":{"rendered":"\n<p>\u201cPor m\u00e1s que nos encontremos en \u00e9poca de campa\u00f1as pol\u00edticas, es irresponsable dar informaci\u00f3n falsa de las gestiones que hace el Estado para beneficiar a los habitantes de zonas aisladas. Son decenas de funcionarios los que trabajan en la subsecretar\u00eda de Transportes para sacar adelante los contratos de subsidios. Y para dise\u00f1ar cada uno de ellos, nos preocupamos de contar con las suficientes participaciones ciudadanas, que recojan las necesidades y opiniones de la gente\u201d, se\u00f1al\u00f3 el seremi de Transportes y Telecomunicaciones Rodrigo Hern\u00e1ndez por las declaraciones emitidas por la primera edil de R\u00edo Verde. En el caso de esta comuna, desde el 2022 a la fecha, se han realizado 4 participaciones ciudadanas, asistiendo a cada una de ellas la alcaldesa y su equipo, adem\u00e1s de la comunidad residente, agreg\u00f3.<br>\u201cLa informaci\u00f3n recogida en estas instancias es sistematizada, analizada y ponderada por los equipos que se dedican a modelar los servicios, integrando las necesidades de conectividad de las personas y los desaf\u00edos del mercado. En la \u00faltima jornada la alcaldesa y su equipo respondieron una consulta que fue sistematizada, para dise\u00f1ar el futuro cambio de los contratos en el marco del Plan Barcazas para Chile\u201d.<br>\u201cDistorsionar la informaci\u00f3n respecto a los procesos, es una falta de respeto al esfuerzo y compromiso de decenas de funcionarios estatales, la mayor\u00eda de ellos residentes de nuestra regi\u00f3n, que ven c\u00f3mo autoridades\/candidatos tratan de lavar su gesti\u00f3n denostando la seriedad de su trabajo y dedicaci\u00f3n al momento de gestionar estos contratos\u201d.<br>\u201cEl servicio de conexi\u00f3n mar\u00edtima que une Isla Riesco con el continente no ha sufrido modificaci\u00f3n alguna en cuanto a caracter\u00edsticas y frecuencias subsidiadas por el MTT desde que asumimos la totalidad del cruce en 2022 al finalizar sus operaciones la empresa Mina Invierno y retirarse de la isla\u201d.<br>\u201cDespareciendo Mina Invierno, el MTT no dej\u00f3 aislada a la poblaci\u00f3n civil que vive en dicho territorio. Para ello, llam\u00f3 a una licitaci\u00f3n por doce meses para aumentar la frecuencia diaria, subiendo el subsidio de 9 millones 500 mil pesos mensuales a $ 69.057.000 mensuales, es decir en un 625,2%\u201d.<br>Explic\u00f3 el seremittt que finalizando ese contrato en julio de 2023, se hizo un nuevo llamado, por otros 12 meses, aumentando el monto de subsidio, manteniendo las frecuencias acordadas. El \u00faltimo contrato firmado aument\u00f3 el monto a 105 millones 900 mil pesos mensuales manteniendo las frecuencias como las tarifas a los usuarios.<br>\u201cLas frecuencias establecidas en el contrato son aquellas que en conjunto con la ciudadan\u00eda residente se estimaron como suficientes para atender la necesidad de transporte. Los cruces extras que se realizaron en su momento se debieron a un acuerdo entre la empresa y el municipio, lo que dur\u00f3 hasta el fin del \u00faltimo contrato. Nosotros como cartera no podemos ni debemos pedir favores a las empresas contratadas, por un tema de l\u00f3gica de transparencia. Por lo tanto, los favores y la buena voluntad de la compa\u00f1\u00eda no son materia<br>de nuestra responsabilidad ni menos una atribuci\u00f3n\u201d. Dijo Hern\u00e1ndez que, si bien en el \u00faltimo proceso licitatorio fue abandonado por la empresa adjudicataria en la \u00faltima parte del proceso, \u201clogramos mantener la conectividad en todo momento, eso habla de la agilidad de los equipos de la seremi y nuestra dedicaci\u00f3n y compromiso con las necesidades del territorio\u201d.<\/p>\n\n\n\n<p><\/p>\n","protected":false},"excerpt":{"rendered":"<p>\u201cPor m\u00e1s que nos encontremos en \u00e9poca de campa\u00f1as pol\u00edticas, es irresponsable dar informaci\u00f3n falsa de las gestiones que hace el Estado para beneficiar a los habitantes de zonas aisladas&#8230;. <a class=\"read-more\" href=\"https:\/\/www.radiopresidenteibanez.cl\/web\/seremi-transporte-por-dichos-de-alcaldesa-de-rio-verde-distorsionar-la-informacion-respecto-a-los-procesos-es-una-falta-de-respeto-al-esfuerzo-y-compromiso-de-los-funcionarios-que-ven-como\/\">Leer m\u00e1s<\/a><\/p>\n","protected":false},"author":2,"featured_media":50520,"comment_status":"closed","ping_status":"closed","sticky":false,"template":"","format":"standard","meta":{"footnotes":""},"categories":[1],"tags":[],"class_list":["post-50519","post","type-post","status-publish","format-standard","has-post-thumbnail","hentry","category-cronica"],"_links":{"self":[{"href":"https:\/\/www.radiopresidenteibanez.cl\/web\/wp-json\/wp\/v2\/posts\/50519","targetHints":{"allow":["GET"]}}],"collection":[{"href":"https:\/\/www.radiopresidenteibanez.cl\/web\/wp-json\/wp\/v2\/posts"}],"about":[{"href":"https:\/\/www.radiopresidenteibanez.cl\/web\/wp-json\/wp\/v2\/types\/post"}],"author":[{"embeddable":true,"href":"https:\/\/www.radiopresidenteibanez.cl\/web\/wp-json\/wp\/v2\/users\/2"}],"replies":[{"embeddable":true,"href":"https:\/\/www.radiopresidenteibanez.cl\/web\/wp-json\/wp\/v2\/comments?post=50519"}],"version-history":[{"count":0,"href":"https:\/\/www.radiopresidenteibanez.cl\/web\/wp-json\/wp\/v2\/posts\/50519\/revisions"}],"wp:featuredmedia":[{"embeddable":true,"href":"https:\/\/www.radiopresidenteibanez.cl\/web\/wp-json\/wp\/v2\/media\/50520"}],"wp:attachment":[{"href":"https:\/\/www.radiopresidenteibanez.cl\/web\/wp-json\/wp\/v2\/media?parent=50519"}],"wp:term":[{"taxonomy":"category","embeddable":true,"href":"https:\/\/www.radiopresidenteibanez.cl\/web\/wp-json\/wp\/v2\/categories?post=50519"},{"taxonomy":"post_tag","embeddable":true,"href":"https:\/\/www.radiopresidenteibanez.cl\/web\/wp-json\/wp\/v2\/tags?post=50519"}],"curies":[{"name":"wp","href":"https:\/\/api.w.org\/{rel}","templated":true}]}}