{"id":50516,"date":"2024-08-12T14:18:00","date_gmt":"2024-08-12T17:18:00","guid":{"rendered":"https:\/\/www.radiopresidenteibanez.cl\/web\/?p=50516"},"modified":"2024-08-12T10:23:11","modified_gmt":"2024-08-12T13:23:11","slug":"cuatro-organizaciones-sociales-de-punta-arenas-y-puerto-natales-se-adjudicaron-fondos-de-proteccion-ambiental-para-este-2024","status":"publish","type":"post","link":"https:\/\/www.radiopresidenteibanez.cl\/web\/cuatro-organizaciones-sociales-de-punta-arenas-y-puerto-natales-se-adjudicaron-fondos-de-proteccion-ambiental-para-este-2024\/","title":{"rendered":"CUATRO ORGANIZACIONES SOCIALES DE PUNTA ARENAS Y PUERTO NATALES SE ADJUDICARON FONDOS DE PROTECCI\u00d3N AMBIENTAL PARA ESTE 2024"},"content":{"rendered":"\n<p>En la sala de reuniones de la Seremi del Medio Ambiente de Magallanes, el titular regional, Enrique Rebolledo Toro; junto a parte de su equipo profesional; recibi\u00f3 a las y los representantes de las organizaciones sociales que se adjudicaron los Fondos de Protecci\u00f3n Ambiental (FPA) 2024. Este financiamiento, otorgado por el Ministerio del Medio Ambiente, est\u00e1 destinado a la ejecuci\u00f3n de proyectos e iniciativas ciudadanas enfocadas en la protecci\u00f3n o reparaci\u00f3n del medio ambiente, el desarrollo sustentable, la preservaci\u00f3n de la naturaleza y la conservaci\u00f3n del patrimonio ambiental. En total, fueron cuatro las organizaciones beneficiadas: dos de Punta Arenas y dos de Puerto Natales, y cada una de ellas recibi\u00f3 $6.000.000 para la ejecuci\u00f3n de sus proyectos.<\/p>\n\n\n\n<p>Entre las beneficiarias se encuentran la Junta de Vecinos N\u00b07 de Puerto Natales, que desarrollar\u00e1 un proyecto de iluminaci\u00f3n solar para su sede; la Junta de Vecinos N\u00b017, de la misma ciudad, que implementar\u00e1 un punto verde para el reciclaje; el Centro de Padres del Jard\u00edn Infantil Continente Blanco de Punta Arenas, que elaborar\u00e1 una gu\u00eda para el cuidado de humedales urbanos dirigida a ni\u00f1os y ni\u00f1as; y la Asociaci\u00f3n Ind\u00edgena Ketrawe Mapu, de Punta Arenas, que instalar\u00e1 un sistema recolector de aguas lluvias para su uso en invernaderos.<\/p>\n\n\n\n<p>Al respecto, el Seremi del Medio Ambiente expres\u00f3: \u201cEstamos muy contentos de haber podido entregar estos fondos y, adem\u00e1s, de haber tenido la oportunidad de compartir una jornada muy amena con las personas que levantaron las iniciativas desde sus organizaciones. Fue una gran oportunidad para conocer sus impresiones, inquietudes y sugerencias, as\u00ed como para que nuestros profesionales los orientaran en todo el proceso de ejecuci\u00f3n y rendici\u00f3n de los proyectos\u00bb.<\/p>\n\n\n\n<p>Anah\u00ed Videla, Presidenta del Centro de Padres del Jard\u00edn Infantil Continente Blanco y una de las beneficiarias, detall\u00f3 que el proyecto para la elaboraci\u00f3n de la gu\u00eda de humedales incluye la compra de c\u00e1maras fotogr\u00e1ficas, binoculares y ropa impermeable, entre otros recursos, los cuales quedar\u00e1n a disposici\u00f3n del jard\u00edn una vez finalizado el proyecto. Adem\u00e1s, la iniciativa cubre los costos de dise\u00f1o e impresi\u00f3n del material educativo, que ser\u00e1 puesto a disposici\u00f3n de la red de jardines infantiles de la JUNJI.<\/p>\n\n\n\n<p>\u201cMe parece muy bien que el Ministerio del Medio Ambiente disponga de estos fondos para que organizaciones sociales y educativas, como es nuestro caso, puedan acceder a ellos. Creo que ese deber\u00eda ser el esp\u00edritu de todos los servicios p\u00fablicos. En definitiva, acercar los recursos a las personas comunes y corrientes, que no tienen acceso a financiar de manera directa actividades de este tipo\u201d, se\u00f1al\u00f3.<\/p>\n","protected":false},"excerpt":{"rendered":"<p>En la sala de reuniones de la Seremi del Medio Ambiente de Magallanes, el titular regional, Enrique Rebolledo Toro; junto a parte de su equipo profesional; recibi\u00f3 a las y&#8230; <a class=\"read-more\" href=\"https:\/\/www.radiopresidenteibanez.cl\/web\/cuatro-organizaciones-sociales-de-punta-arenas-y-puerto-natales-se-adjudicaron-fondos-de-proteccion-ambiental-para-este-2024\/\">Leer m\u00e1s<\/a><\/p>\n","protected":false},"author":2,"featured_media":50517,"comment_status":"closed","ping_status":"closed","sticky":false,"template":"","format":"standard","meta":{"footnotes":""},"categories":[1],"tags":[],"class_list":["post-50516","post","type-post","status-publish","format-standard","has-post-thumbnail","hentry","category-cronica"],"_links":{"self":[{"href":"https:\/\/www.radiopresidenteibanez.cl\/web\/wp-json\/wp\/v2\/posts\/50516","targetHints":{"allow":["GET"]}}],"collection":[{"href":"https:\/\/www.radiopresidenteibanez.cl\/web\/wp-json\/wp\/v2\/posts"}],"about":[{"href":"https:\/\/www.radiopresidenteibanez.cl\/web\/wp-json\/wp\/v2\/types\/post"}],"author":[{"embeddable":true,"href":"https:\/\/www.radiopresidenteibanez.cl\/web\/wp-json\/wp\/v2\/users\/2"}],"replies":[{"embeddable":true,"href":"https:\/\/www.radiopresidenteibanez.cl\/web\/wp-json\/wp\/v2\/comments?post=50516"}],"version-history":[{"count":0,"href":"https:\/\/www.radiopresidenteibanez.cl\/web\/wp-json\/wp\/v2\/posts\/50516\/revisions"}],"wp:featuredmedia":[{"embeddable":true,"href":"https:\/\/www.radiopresidenteibanez.cl\/web\/wp-json\/wp\/v2\/media\/50517"}],"wp:attachment":[{"href":"https:\/\/www.radiopresidenteibanez.cl\/web\/wp-json\/wp\/v2\/media?parent=50516"}],"wp:term":[{"taxonomy":"category","embeddable":true,"href":"https:\/\/www.radiopresidenteibanez.cl\/web\/wp-json\/wp\/v2\/categories?post=50516"},{"taxonomy":"post_tag","embeddable":true,"href":"https:\/\/www.radiopresidenteibanez.cl\/web\/wp-json\/wp\/v2\/tags?post=50516"}],"curies":[{"name":"wp","href":"https:\/\/api.w.org\/{rel}","templated":true}]}}