{"id":50513,"date":"2024-08-12T12:55:00","date_gmt":"2024-08-12T15:55:00","guid":{"rendered":"https:\/\/www.radiopresidenteibanez.cl\/web\/?p=50513"},"modified":"2024-08-12T10:06:26","modified_gmt":"2024-08-12T13:06:26","slug":"tabsa-concreta-aporte-a-adelfa-para-la-realizacion-del-gran-premio-de-la-hermandad","status":"publish","type":"post","link":"https:\/\/www.radiopresidenteibanez.cl\/web\/tabsa-concreta-aporte-a-adelfa-para-la-realizacion-del-gran-premio-de-la-hermandad\/","title":{"rendered":"TABSA CONCRETA APORTE A ADELFA PARA LA REALIZACION DEL GRAN PREMIO DE LA HERMANDAD"},"content":{"rendered":"\n<p>Gran expectaci\u00f3n existe por la pr\u00f3xima realizaci\u00f3n de la 49ava edici\u00f3n del Gran Premio de la Hermandad (GPH) que se desarrollar\u00e1 entre el s\u00e1bado 17 y domingo 18 de agosto con Porvenir como punto de largada y meta de la competencia. Es por ello que el presidente de la Asociaci\u00f3n Deportiva Local Fueguina De Automovilismo (Adelfa), Iv\u00e1n C\u00e1rdenas, expres\u00f3 su satisfacci\u00f3n y agradecimiento a TABSA por el reciente aporte que la empresa naviera realiz\u00f3 para respaldar la organizaci\u00f3n del tradicional evento tuerca patag\u00f3nico que cumple 50 a\u00f1os.&nbsp;<\/p>\n\n\n\n<p>\u201cEstamos muy agradecidos de TABSA por el apoyo que ha dado para los 50 a\u00f1os del Gran Premio de la Hermandad. Para nosotros es bastante importante, y para nuestro pueblo porque esta es la carrera m\u00e1s importante y esperamos que este a\u00f1o, en m\u00e1s de alguna categor\u00eda, habr\u00e1 ganadores chilenos\u201d, vaticin\u00f3 C\u00e1rdenas.<\/p>\n\n\n\n<p>Por su parte, Crist\u00f3bal Kulczewski, Gerente General de TABSA, realiz\u00f3 una invitaci\u00f3n a la comunidad a acompa\u00f1ar a los pilotos que participar\u00e1n del GPH. \u201cSabemos que esta es una competencia muy esperada por los deportistas que siguen el automovilismo, que une a Argentina y Chile y, por ello, nos pareci\u00f3 importante seguir apoyando la actividad, esta vez directamente a Adelfa, quienes han realizado una abnegada labor durante 50 a\u00f1os para dar vida a este rally patag\u00f3nico y, por lo tanto, seguiremos apoy\u00e1ndolos en el futuro\u201d, expres\u00f3 el ejecutivo.<\/p>\n","protected":false},"excerpt":{"rendered":"<p>Gran expectaci\u00f3n existe por la pr\u00f3xima realizaci\u00f3n de la 49ava edici\u00f3n del Gran Premio de la Hermandad (GPH) que se desarrollar\u00e1 entre el s\u00e1bado 17 y domingo 18 de agosto&#8230; <a class=\"read-more\" href=\"https:\/\/www.radiopresidenteibanez.cl\/web\/tabsa-concreta-aporte-a-adelfa-para-la-realizacion-del-gran-premio-de-la-hermandad\/\">Leer m\u00e1s<\/a><\/p>\n","protected":false},"author":2,"featured_media":50514,"comment_status":"closed","ping_status":"closed","sticky":false,"template":"","format":"standard","meta":{"footnotes":""},"categories":[1],"tags":[],"class_list":["post-50513","post","type-post","status-publish","format-standard","has-post-thumbnail","hentry","category-cronica"],"_links":{"self":[{"href":"https:\/\/www.radiopresidenteibanez.cl\/web\/wp-json\/wp\/v2\/posts\/50513","targetHints":{"allow":["GET"]}}],"collection":[{"href":"https:\/\/www.radiopresidenteibanez.cl\/web\/wp-json\/wp\/v2\/posts"}],"about":[{"href":"https:\/\/www.radiopresidenteibanez.cl\/web\/wp-json\/wp\/v2\/types\/post"}],"author":[{"embeddable":true,"href":"https:\/\/www.radiopresidenteibanez.cl\/web\/wp-json\/wp\/v2\/users\/2"}],"replies":[{"embeddable":true,"href":"https:\/\/www.radiopresidenteibanez.cl\/web\/wp-json\/wp\/v2\/comments?post=50513"}],"version-history":[{"count":0,"href":"https:\/\/www.radiopresidenteibanez.cl\/web\/wp-json\/wp\/v2\/posts\/50513\/revisions"}],"wp:featuredmedia":[{"embeddable":true,"href":"https:\/\/www.radiopresidenteibanez.cl\/web\/wp-json\/wp\/v2\/media\/50514"}],"wp:attachment":[{"href":"https:\/\/www.radiopresidenteibanez.cl\/web\/wp-json\/wp\/v2\/media?parent=50513"}],"wp:term":[{"taxonomy":"category","embeddable":true,"href":"https:\/\/www.radiopresidenteibanez.cl\/web\/wp-json\/wp\/v2\/categories?post=50513"},{"taxonomy":"post_tag","embeddable":true,"href":"https:\/\/www.radiopresidenteibanez.cl\/web\/wp-json\/wp\/v2\/tags?post=50513"}],"curies":[{"name":"wp","href":"https:\/\/api.w.org\/{rel}","templated":true}]}}