{"id":50510,"date":"2024-08-12T11:48:00","date_gmt":"2024-08-12T14:48:00","guid":{"rendered":"https:\/\/www.radiopresidenteibanez.cl\/web\/?p=50510"},"modified":"2024-08-12T08:50:31","modified_gmt":"2024-08-12T11:50:31","slug":"en-un-pueblo-olvidado-no-se-porque-y-su-danza-de-moreno-lo-hace-mover-en-el-pueblo-le-llamaban-negro-jose-canta-illapu","status":"publish","type":"post","link":"https:\/\/www.radiopresidenteibanez.cl\/web\/en-un-pueblo-olvidado-no-se-porque-y-su-danza-de-moreno-lo-hace-mover-en-el-pueblo-le-llamaban-negro-jose-canta-illapu\/","title":{"rendered":"En un pueblo olvidado no se porque y su danza de moreno lo hace mover en el pueblo le llamaban negro Jose..\u00bb canta Illapu"},"content":{"rendered":"\n<p>&nbsp;Cuando partimos en esto del trabajo sindical siempre nos dijeron los que entonces nos guiaban, que el trabajo solo estar\u00eda completo en la medida en que la organizaci\u00f3n fuera capaz de preparar a aquellos que deb\u00edan asumir las responsabilidades de gesti\u00f3n y acci\u00f3n futuras. La autonom\u00eda y la independencia, siendo conceptos muy manejados por todos los que est\u00e1n en esto del trabajo sindical, cobran importancia cuando de verdad son los propios trabajadores, dentro de su organizaci\u00f3n, quienes van dando los pasos para fortalecer el instrumento, sin darle mucha importancia a lo que pueda estar aconteciendo por fuera. No importa si est\u00e1n vinculados a partidos o movimientos de cualquier tipo, lo que importa es que siempre tengan claro que todos tienen el derecho a aspirar ser direcci\u00f3n y se les prepara para ello sin ninguna limitaci\u00f3n.<br>El objetivo siempre es el mismo, dirigir el instrumento de los trabajadores para avanzar en la concreci\u00f3n de las aspiraciones de todos lo que forman la organizaci\u00f3n.<\/p>\n\n\n\n<p>2.- Por eso nos tiene orgullosos el proceso en curso, que tiene por objetivo que los sindicatos afiliados propongan las candidaturas para la pr\u00f3xima renovaci\u00f3n de nuestro directorio nacional, en octubre de este a\u00f1o.<br>Nos hemos reunido con diversos directorios de base y notificado a regiones, para decirles que tienen el derecho de presentar candidatos, que est\u00e1n llamados a dirigir la organizaci\u00f3n y la verdad es que las ganas y la disposici\u00f3n existen.<br>Es lindo ver que se est\u00e1 entendiendo que todos somos CGT, que lo que hagamos o dejemos de hacer es de nuestra responsabilidad y tendr\u00e1 efectos en nuestros asociados .<br>Vamos, que todos juntos haremos historia.<\/p>\n","protected":false},"excerpt":{"rendered":"<p>&nbsp;Cuando partimos en esto del trabajo sindical siempre nos dijeron los que entonces nos guiaban, que el trabajo solo estar\u00eda completo en la medida en que la organizaci\u00f3n fuera capaz&#8230; <a class=\"read-more\" href=\"https:\/\/www.radiopresidenteibanez.cl\/web\/en-un-pueblo-olvidado-no-se-porque-y-su-danza-de-moreno-lo-hace-mover-en-el-pueblo-le-llamaban-negro-jose-canta-illapu\/\">Leer m\u00e1s<\/a><\/p>\n","protected":false},"author":2,"featured_media":50511,"comment_status":"closed","ping_status":"closed","sticky":false,"template":"","format":"standard","meta":{"footnotes":""},"categories":[1],"tags":[],"class_list":["post-50510","post","type-post","status-publish","format-standard","has-post-thumbnail","hentry","category-cronica"],"_links":{"self":[{"href":"https:\/\/www.radiopresidenteibanez.cl\/web\/wp-json\/wp\/v2\/posts\/50510","targetHints":{"allow":["GET"]}}],"collection":[{"href":"https:\/\/www.radiopresidenteibanez.cl\/web\/wp-json\/wp\/v2\/posts"}],"about":[{"href":"https:\/\/www.radiopresidenteibanez.cl\/web\/wp-json\/wp\/v2\/types\/post"}],"author":[{"embeddable":true,"href":"https:\/\/www.radiopresidenteibanez.cl\/web\/wp-json\/wp\/v2\/users\/2"}],"replies":[{"embeddable":true,"href":"https:\/\/www.radiopresidenteibanez.cl\/web\/wp-json\/wp\/v2\/comments?post=50510"}],"version-history":[{"count":0,"href":"https:\/\/www.radiopresidenteibanez.cl\/web\/wp-json\/wp\/v2\/posts\/50510\/revisions"}],"wp:featuredmedia":[{"embeddable":true,"href":"https:\/\/www.radiopresidenteibanez.cl\/web\/wp-json\/wp\/v2\/media\/50511"}],"wp:attachment":[{"href":"https:\/\/www.radiopresidenteibanez.cl\/web\/wp-json\/wp\/v2\/media?parent=50510"}],"wp:term":[{"taxonomy":"category","embeddable":true,"href":"https:\/\/www.radiopresidenteibanez.cl\/web\/wp-json\/wp\/v2\/categories?post=50510"},{"taxonomy":"post_tag","embeddable":true,"href":"https:\/\/www.radiopresidenteibanez.cl\/web\/wp-json\/wp\/v2\/tags?post=50510"}],"curies":[{"name":"wp","href":"https:\/\/api.w.org\/{rel}","templated":true}]}}