{"id":50507,"date":"2024-08-12T10:35:00","date_gmt":"2024-08-12T13:35:00","guid":{"rendered":"https:\/\/www.radiopresidenteibanez.cl\/web\/?p=50507"},"modified":"2024-08-12T08:44:07","modified_gmt":"2024-08-12T11:44:07","slug":"intervenciones-artisticas-en-celebracion-del-dia-de-la-ninez-en-el-barrio-alfredo-lorca","status":"publish","type":"post","link":"https:\/\/www.radiopresidenteibanez.cl\/web\/intervenciones-artisticas-en-celebracion-del-dia-de-la-ninez-en-el-barrio-alfredo-lorca\/","title":{"rendered":"INTERVENCIONES ARTISTICAS EN CELEBRACION DEL DIA DE LA NI\u00d1EZ EN EL BARRIO ALFREDO LORCA"},"content":{"rendered":"\n<p>Presentaciones de circo, teatro y m\u00fasica infantil, animaron la fiesta de la<br>celebraci\u00f3n del D\u00eda de la Ni\u00f1ez en el barrio Alfredo Lorca de Punta Arenas. Los<br>colectivos art\u00edsticos Clap, El Chuzo y Circo de la Memoria, activaron a vecinas y<br>vecinos el mediod\u00eda de este s\u00e1bado, en avenida Circunvalaci\u00f3n, frente a la<br>parroquia Santa Teresita y durante la realizaci\u00f3n de la tradicional feria del<br>sector.<br>El evento tuvo como protagonistas a ni\u00f1as y ni\u00f1os, que disfrutaron e<br>interactuaron con las representaciones \u201cEl hombre inteligente\u201d, una puesta en<br>escena de Circo Chino y baile entretenido junto a corp\u00f3reos como<br>\u201cContralorita\u201d, \u201cEl Carnet de Identidad\u201d, \u201cForest\u00edn\u201d y \u201cChanfle\u201d. Adem\u00e1s,<br>saltaron en los juegos inflables.<br>\u201cNo sab\u00eda que iba a pasar esto y bueno, por ah\u00ed vi de lejos que estaban haciendo<br>algo y me pareci\u00f3 interesante. As\u00ed que lo vine a ver y fue como algo<br>expresivamente\u201d, dijo Sebasti\u00e1n, uno de los ni\u00f1os que disfrut\u00f3 las actuaciones.<br>Emilia, en tanto, destac\u00f3 la representaci\u00f3n de artes ceicenses. \u201cLo que m\u00e1s me<br>gusto fue el comienzo del circo. Estuvo divertido, pens\u00e9 que ser\u00eda entretenido y<br>fue s\u00faper incre\u00edble\u201d.<br>Mientras que Bernardita, quien acompa\u00f1\u00f3 a su nieta Elisa, valor\u00f3 y agradeci\u00f3 la<br>iniciativa. \u201cPor lo menos yo agradezco esta oportunidad, por los ni\u00f1os, por<br>nosotros mismos, que tenemos esta oportunidad de estar, de salir un poco de<br>todo. Estuvo muy hermoso\u201d, recalc\u00f3.<\/p>\n\n\n\n<p>Esta actividad se desarroll\u00f3 en el marco del plan de intervenci\u00f3n impulsado<br>por&nbsp;la iniciativa&nbsp;Recuperaci\u00f3n del Espacio P\u00fablico,&nbsp;cuyo prop\u00f3sito es la seguridad<br>ciudadana, recurriendo a la implementaci\u00f3n de&nbsp;programaci\u00f3n cultural, art\u00edstica y<br>de recreaci\u00f3n en parques y plazas.<br>\u201cEstuvimos en un sector muy importante de la poblaci\u00f3n Alfredo Lorca,<br>compartiendo con ni\u00f1as y ni\u00f1os, en una actividad donde tuvimos circo, teatro y<br>tambi\u00e9n m\u00fasica. Estuvimos bailando, celebrando el d\u00eda de las ni\u00f1eces\u201d, sostuvo<br>la seremi (s) de las Culturas, las Artes y el Patrimonio, Irma Pati\u00f1o.<br>Recuperaci\u00f3n del Espacio P\u00fablico es una&nbsp;propuesta que se encuentra a cargo del<br>Ministerio de las Culturas, las Artes y el Patrimonio y la Subsecretar\u00eda de<br>Prevenci\u00f3n del Delito del Ministerio del Interior, a trav\u00e9s la Coordinaci\u00f3n de<br>Seguridad P\u00fablica Regi\u00f3n de Magallanes y Ant\u00e1rtica Chilena, mediante el<br>programa Somos Barrio. A la jornada de este s\u00e1bado se sumaron el Instituto del<br>Deporte, Registro Civil, Conaf, Contralor\u00eda, Junji y Seremi de Salud.<br>Esta serie de intervenciones continuar\u00e1 el miercoles 14 de agosto, a las 18.30<br>horas, en dependencias del liceo Cardenal Silva Henriquez. All\u00ed se efectuar\u00e1 una<br>velada a cargo de artistas del sector.<\/p>\n","protected":false},"excerpt":{"rendered":"<p>Presentaciones de circo, teatro y m\u00fasica infantil, animaron la fiesta de lacelebraci\u00f3n del D\u00eda de la Ni\u00f1ez en el barrio Alfredo Lorca de Punta Arenas. Loscolectivos art\u00edsticos Clap, El Chuzo&#8230; <a class=\"read-more\" href=\"https:\/\/www.radiopresidenteibanez.cl\/web\/intervenciones-artisticas-en-celebracion-del-dia-de-la-ninez-en-el-barrio-alfredo-lorca\/\">Leer m\u00e1s<\/a><\/p>\n","protected":false},"author":2,"featured_media":50508,"comment_status":"closed","ping_status":"closed","sticky":false,"template":"","format":"standard","meta":{"footnotes":""},"categories":[1],"tags":[],"class_list":["post-50507","post","type-post","status-publish","format-standard","has-post-thumbnail","hentry","category-cronica"],"_links":{"self":[{"href":"https:\/\/www.radiopresidenteibanez.cl\/web\/wp-json\/wp\/v2\/posts\/50507","targetHints":{"allow":["GET"]}}],"collection":[{"href":"https:\/\/www.radiopresidenteibanez.cl\/web\/wp-json\/wp\/v2\/posts"}],"about":[{"href":"https:\/\/www.radiopresidenteibanez.cl\/web\/wp-json\/wp\/v2\/types\/post"}],"author":[{"embeddable":true,"href":"https:\/\/www.radiopresidenteibanez.cl\/web\/wp-json\/wp\/v2\/users\/2"}],"replies":[{"embeddable":true,"href":"https:\/\/www.radiopresidenteibanez.cl\/web\/wp-json\/wp\/v2\/comments?post=50507"}],"version-history":[{"count":0,"href":"https:\/\/www.radiopresidenteibanez.cl\/web\/wp-json\/wp\/v2\/posts\/50507\/revisions"}],"wp:featuredmedia":[{"embeddable":true,"href":"https:\/\/www.radiopresidenteibanez.cl\/web\/wp-json\/wp\/v2\/media\/50508"}],"wp:attachment":[{"href":"https:\/\/www.radiopresidenteibanez.cl\/web\/wp-json\/wp\/v2\/media?parent=50507"}],"wp:term":[{"taxonomy":"category","embeddable":true,"href":"https:\/\/www.radiopresidenteibanez.cl\/web\/wp-json\/wp\/v2\/categories?post=50507"},{"taxonomy":"post_tag","embeddable":true,"href":"https:\/\/www.radiopresidenteibanez.cl\/web\/wp-json\/wp\/v2\/tags?post=50507"}],"curies":[{"name":"wp","href":"https:\/\/api.w.org\/{rel}","templated":true}]}}