{"id":50504,"date":"2024-08-12T09:20:00","date_gmt":"2024-08-12T12:20:00","guid":{"rendered":"https:\/\/www.radiopresidenteibanez.cl\/web\/?p=50504"},"modified":"2024-08-12T08:32:32","modified_gmt":"2024-08-12T11:32:32","slug":"por-mas-y-mejores-espacios-civicos-en-nuestra-region","status":"publish","type":"post","link":"https:\/\/www.radiopresidenteibanez.cl\/web\/por-mas-y-mejores-espacios-civicos-en-nuestra-region\/","title":{"rendered":"POR MAS Y MEJORES ESPACIOS CIVICOS EN NUESTRA REGION"},"content":{"rendered":"\n<p>El Frente Amplio Magallanes, tiene total convicci\u00f3n que, dentro de los principales ejes a abordar en contra del flagelo de la delincuencia y las incivilidades, est\u00e1 el uso de los espacios p\u00fablicos por parte de la ciudadan\u00eda en general, logrando as\u00ed, quitarle espacio al narco y al mundo delictual.<br>Desde la derecha pol\u00edtica, campean las ideas de establecer mayores acciones punitivas contra las<br>personas y de aumentar el n\u00famero de c\u00e1rceles para encerrar a todos los que infringen las leyes. Han sido innumerables los ejemplos en el mundo, en que ese tipo de iniciativas por si solas, son una trampa a largo plazo y no reducen la violencia e inseguridad de manera estructural.<br>Creemos que la manera m\u00e1s efectiva de reducir la violencia y la delincuencia, es establecer espacios urbanos con mayor iluminaci\u00f3n y \u00e1reas verdes inclusivas que puedan utilizarse en m\u00faltiples actividades. Lugares atractivos para las familias, donde la presencia de vecinos y vecinas, por s\u00ed sola, crean un sistema de vigilancia natural y establece una sensaci\u00f3n generalizada de seguridad en dichos lugares. Aquellos espacios se transformar\u00e1n, por a\u00f1adidura, en lugares de esparcimiento y de afianzamiento del tejido social. La vida en los barrios y poblaciones ha sufrido una serie de cambios propios de los \u00faltimos tiempos. El acelerado modo de vida de chilenas y chilenos, hace que el tiempo sea cada vez menor, para realizar acciones con y para los dem\u00e1s. Pocas zonas de convergencia social y falta de \u00e1reas atractivas que visitar, reducen que nuestra poblaci\u00f3n los utilice de buena manera.<br>Dentro de las l\u00edneas de trabajo de nuestra candidata a la alcand\u00eda de Punta Arenas, Ver\u00f3nica Aguilar, est\u00e1 la de disponer de m\u00e1s y mejores espacios p\u00fablicos en la comuna, se\u00f1alando; \u201clo fundamental para la promoci\u00f3n de la actividad f\u00edsica y el deporte, es la habilitaci\u00f3n de canchas, senderos y \u00e1reas para la actividad al aire libre, siendo esenciales para que la poblaci\u00f3n pueda mantenerse activa y saludable. Estos espacios no solo contribuyen al bienestar f\u00edsico, sino que tambi\u00e9n son fundamentales para la salud mental de los habitantes.\u201d<br>A nivel gubernamental se hacen esfuerzos y se establecen lineamientos para que existan m\u00e1s<br>espacios de congregaci\u00f3n. El anuncio efectuado por el Presidente de Chile Gabriel Boric en su \u00faltima visita a las Regi\u00f3n respecto a la acci\u00f3n concreta de transformar el uso de las instalaciones del Club H\u00edpico va en esa l\u00ednea. En este sentido, Ver\u00f3nica Aguilar, indica que; \u201cLos espacios p\u00fablicos son el coraz\u00f3n de cualquier ciudad. Su recuperaci\u00f3n y mantenimiento son esenciales no solo para mejorar la seguridad de las personas, sino tambi\u00e9n para embellecer la urbe, fomentar el<br>entretenimiento. Por ello es tan importante el anuncio del Presidente Gabriel Boric, de transformar<br>el actual Club H\u00edpico en desuso en un gran pulm\u00f3n de la ciudad y en un parque urbano de clase<br>mundial.\u201d<br>Desde el Frente Amplio Magallanes, celebramos que nuestra candidata est\u00e9 en sinton\u00eda con nuestros ideales y esperamos que, con su triunfo en las pr\u00f3ximas elecciones municipales de octubre logremos avanzar en este tipo de iniciativas.<\/p>\n","protected":false},"excerpt":{"rendered":"<p>El Frente Amplio Magallanes, tiene total convicci\u00f3n que, dentro de los principales ejes a abordar en contra del flagelo de la delincuencia y las incivilidades, est\u00e1 el uso de los&#8230; <a class=\"read-more\" href=\"https:\/\/www.radiopresidenteibanez.cl\/web\/por-mas-y-mejores-espacios-civicos-en-nuestra-region\/\">Leer m\u00e1s<\/a><\/p>\n","protected":false},"author":2,"featured_media":50505,"comment_status":"closed","ping_status":"closed","sticky":false,"template":"","format":"standard","meta":{"footnotes":""},"categories":[1],"tags":[],"class_list":["post-50504","post","type-post","status-publish","format-standard","has-post-thumbnail","hentry","category-cronica"],"_links":{"self":[{"href":"https:\/\/www.radiopresidenteibanez.cl\/web\/wp-json\/wp\/v2\/posts\/50504","targetHints":{"allow":["GET"]}}],"collection":[{"href":"https:\/\/www.radiopresidenteibanez.cl\/web\/wp-json\/wp\/v2\/posts"}],"about":[{"href":"https:\/\/www.radiopresidenteibanez.cl\/web\/wp-json\/wp\/v2\/types\/post"}],"author":[{"embeddable":true,"href":"https:\/\/www.radiopresidenteibanez.cl\/web\/wp-json\/wp\/v2\/users\/2"}],"replies":[{"embeddable":true,"href":"https:\/\/www.radiopresidenteibanez.cl\/web\/wp-json\/wp\/v2\/comments?post=50504"}],"version-history":[{"count":0,"href":"https:\/\/www.radiopresidenteibanez.cl\/web\/wp-json\/wp\/v2\/posts\/50504\/revisions"}],"wp:featuredmedia":[{"embeddable":true,"href":"https:\/\/www.radiopresidenteibanez.cl\/web\/wp-json\/wp\/v2\/media\/50505"}],"wp:attachment":[{"href":"https:\/\/www.radiopresidenteibanez.cl\/web\/wp-json\/wp\/v2\/media?parent=50504"}],"wp:term":[{"taxonomy":"category","embeddable":true,"href":"https:\/\/www.radiopresidenteibanez.cl\/web\/wp-json\/wp\/v2\/categories?post=50504"},{"taxonomy":"post_tag","embeddable":true,"href":"https:\/\/www.radiopresidenteibanez.cl\/web\/wp-json\/wp\/v2\/tags?post=50504"}],"curies":[{"name":"wp","href":"https:\/\/api.w.org\/{rel}","templated":true}]}}