{"id":5050,"date":"2019-06-14T18:54:12","date_gmt":"2019-06-14T18:54:12","guid":{"rendered":"http:\/\/www.radiopresidenteibanez.cl\/web\/?p=5050"},"modified":"2019-06-14T18:54:16","modified_gmt":"2019-06-14T18:54:16","slug":"conaf-denuncia-hallazgo-de-puma-muerto-en-limites-del-parque-nacional-torres-del-paine-2","status":"publish","type":"post","link":"https:\/\/www.radiopresidenteibanez.cl\/web\/conaf-denuncia-hallazgo-de-puma-muerto-en-limites-del-parque-nacional-torres-del-paine-2\/","title":{"rendered":"CONAF DENUNCIA HALLAZGO DE PUMA MUERTO EN L\u00cdMITES DEL PARQUE NACIONAL TORRES DEL PAINE"},"content":{"rendered":"\n<p>A las 16.50 del d\u00eda mi\u00e9rcoles, la Administraci\u00f3n del Parque Nacional Torres del Paine recibi\u00f3 un llamado radial que alertaba sobre el hallazgo de un puma muerto en el l\u00edmite sureste&nbsp; del parque.<\/p>\n\n\n\n<p>El aviso entregado por el gu\u00eda de una empresa tur\u00edstica que ingresaba por el sector de Laguna Verde en el Parque Nacional Torres del Paine, daba cuenta del hallazgo de un puma presumiblemente muerto a causa del impacto de una bala.<\/p>\n\n\n\n<p>De manera inmediata y considerando que el puma es una especie protegida por el Estado de Chile, las autoridades del Parque dieron cuenta a Carabineros de la comuna de Torres del Paine para informar&nbsp; sobre el hallazgo y as\u00ed trasladarse&nbsp; durante la ma\u00f1ana siguiente &nbsp;hacia el punto donde se encontraba el cuerpo del animal.<\/p>\n\n\n\n<p>Tras ser ubicado y constatarse su muerte, Carabineros tom\u00f3 el procedimiento que corresponde a estos casos, informando\u00a0 al Fiscal de Puerto Natales, qui\u00e9n dispuso que el ejemplar fuera trasladado hacia el Servicio Agr\u00edcola Ganadero SAG para realizar los ex\u00e1menes correspondientes, as\u00ed como tambi\u00e9n tomar declaraci\u00f3n a la persona que inform\u00f3 del hallazgo.<\/p>\n\n\n\n<figure class=\"wp-block-image\"><img loading=\"lazy\" decoding=\"async\" width=\"900\" height=\"465\" src=\"https:\/\/www.radiopresidenteibanez.cl\/web\/wp-content\/uploads\/2019\/06\/IMG-20190613-WA0035.jpg\" alt=\"\" class=\"wp-image-5051\" srcset=\"https:\/\/www.radiopresidenteibanez.cl\/web\/wp-content\/uploads\/2019\/06\/IMG-20190613-WA0035.jpg 900w, https:\/\/www.radiopresidenteibanez.cl\/web\/wp-content\/uploads\/2019\/06\/IMG-20190613-WA0035-300x155.jpg 300w, https:\/\/www.radiopresidenteibanez.cl\/web\/wp-content\/uploads\/2019\/06\/IMG-20190613-WA0035-768x397.jpg 768w\" sizes=\"auto, (max-width: 900px) 100vw, 900px\" \/><\/figure>\n","protected":false},"excerpt":{"rendered":"<p>A las 16.50 del d\u00eda mi\u00e9rcoles, la Administraci\u00f3n del Parque Nacional Torres del Paine recibi\u00f3 un llamado radial que alertaba sobre el hallazgo de un puma muerto en el l\u00edmite&#8230; <a class=\"read-more\" href=\"https:\/\/www.radiopresidenteibanez.cl\/web\/conaf-denuncia-hallazgo-de-puma-muerto-en-limites-del-parque-nacional-torres-del-paine-2\/\">Leer m\u00e1s<\/a><\/p>\n","protected":false},"author":2,"featured_media":5051,"comment_status":"closed","ping_status":"closed","sticky":false,"template":"","format":"standard","meta":{"footnotes":""},"categories":[1],"tags":[],"class_list":["post-5050","post","type-post","status-publish","format-standard","has-post-thumbnail","hentry","category-cronica"],"_links":{"self":[{"href":"https:\/\/www.radiopresidenteibanez.cl\/web\/wp-json\/wp\/v2\/posts\/5050","targetHints":{"allow":["GET"]}}],"collection":[{"href":"https:\/\/www.radiopresidenteibanez.cl\/web\/wp-json\/wp\/v2\/posts"}],"about":[{"href":"https:\/\/www.radiopresidenteibanez.cl\/web\/wp-json\/wp\/v2\/types\/post"}],"author":[{"embeddable":true,"href":"https:\/\/www.radiopresidenteibanez.cl\/web\/wp-json\/wp\/v2\/users\/2"}],"replies":[{"embeddable":true,"href":"https:\/\/www.radiopresidenteibanez.cl\/web\/wp-json\/wp\/v2\/comments?post=5050"}],"version-history":[{"count":0,"href":"https:\/\/www.radiopresidenteibanez.cl\/web\/wp-json\/wp\/v2\/posts\/5050\/revisions"}],"wp:featuredmedia":[{"embeddable":true,"href":"https:\/\/www.radiopresidenteibanez.cl\/web\/wp-json\/wp\/v2\/media\/5051"}],"wp:attachment":[{"href":"https:\/\/www.radiopresidenteibanez.cl\/web\/wp-json\/wp\/v2\/media?parent=5050"}],"wp:term":[{"taxonomy":"category","embeddable":true,"href":"https:\/\/www.radiopresidenteibanez.cl\/web\/wp-json\/wp\/v2\/categories?post=5050"},{"taxonomy":"post_tag","embeddable":true,"href":"https:\/\/www.radiopresidenteibanez.cl\/web\/wp-json\/wp\/v2\/tags?post=5050"}],"curies":[{"name":"wp","href":"https:\/\/api.w.org\/{rel}","templated":true}]}}