{"id":50498,"date":"2024-08-11T16:40:00","date_gmt":"2024-08-11T19:40:00","guid":{"rendered":"https:\/\/www.radiopresidenteibanez.cl\/web\/?p=50498"},"modified":"2024-08-11T11:42:13","modified_gmt":"2024-08-11T14:42:13","slug":"difunden-normas-de-la-ley-karin-en-escuelas-del-slep-magallanes","status":"publish","type":"post","link":"https:\/\/www.radiopresidenteibanez.cl\/web\/difunden-normas-de-la-ley-karin-en-escuelas-del-slep-magallanes\/","title":{"rendered":"Difunden normas de la Ley Karin en escuelas del SLEP Magallanes"},"content":{"rendered":"\n<p>Con el objetivo de llegar a todas las funcionarias y funcionarios de la educaci\u00f3n p\u00fablica<br>con la informaci\u00f3n referida a la Ley Karin y sus procedimientos para prevenir y sancionar<br>la violencia en el trabajo, se dio inicio esta semana a una serie de capacitaciones con<br>\u00e9nfasis inicial en los recintos educativos m\u00e1s apartados de la regi\u00f3n.<br>La iniciativa de la Subdirecci\u00f3n de Gesti\u00f3n de Personas del SLEP Magallanes y su \u00e1rea<br>de prevenci\u00f3n de riesgos cuenta con el apoyo del Instituto de Seguridad Laboral y<br>comenz\u00f3 en la escuela Ram\u00f3n Serrano Montaner, de Cerro Castillo, donde se reuni\u00f3 la<br>comunidad educativa para escuchar la exposici\u00f3n a cargo del director regional del ISL,<br>Marcelo Trivi\u00f1o.<br>El funcionario record\u00f3 que la Ley Karin entr\u00f3 en vigencia el 1 de agosto y es aplicable a<br>los trabajadores de los sectores privado y p\u00fablico. \u201cVinimos a dar un detalle de lo que es<br>el protocolo, tambi\u00e9n conversamos de la investigaci\u00f3n, qu\u00e9 es lo que hay que hacer, qu\u00e9<br>actos involucran un acoso laboral, un acoso sexual o la violencia en el trabajo y<br>respondimos las inquietudes de los trabajadores respecto a la ley\u201d, indic\u00f3.<br>El encuentro en Cerro Castillo fue seguido por reuniones en Puerto Natales con sindicatos<br>y equipos directivos de los establecimientos educacionales en un trabajo que se<br>extender\u00e1 por toda la regi\u00f3n y que se suma a actividades previas de difusi\u00f3n con<br>representantes de los distintos gremios de los trabajadores de la educaci\u00f3n y con los<br>funcionarios de la administraci\u00f3n del SLEP Magallanes<br>En la escuela de Cerro Castillo, el profesor encargado Ra\u00fal Lorca coment\u00f3 que para la<br>comunidad educativa \u201ces importante saber de prevenci\u00f3n, los protocolos y c\u00f3mo<br>implementar esta nueva ley. Tambi\u00e9n aparece como una necesidad la de crear una<br>especie de comit\u00e9 paritario, sobre todos los colegios que tenemos bajo 20 funcionarios,<br>de manera de salvaguardar la implementaci\u00f3n de la ley y que todos los colegas y las<br>colegas tengan garantizados sus derechos\u201d.<br>El docente Sergio Mercado, en tanto, dijo que \u201clas comunidades educativas rurales nos<br>encontramos a veces un poco distantes de las realidades que se viven en otros centros<br>urbanos m\u00e1s importantes y que el empleador llegue hasta nosotros con estas instancias<br>siempre va a ser positivo\u201d.<br>Ya se planifican nuevas intervenciones de este tipo en otros establecimientos<br>educacionales para dar a conocer los fundamentos de la ley, en el entendido de que la<br>violencia y el acoso no son tolerados en el mundo del trabajo.<\/p>\n","protected":false},"excerpt":{"rendered":"<p>Con el objetivo de llegar a todas las funcionarias y funcionarios de la educaci\u00f3n p\u00fablicacon la informaci\u00f3n referida a la Ley Karin y sus procedimientos para prevenir y sancionarla violencia&#8230; <a class=\"read-more\" href=\"https:\/\/www.radiopresidenteibanez.cl\/web\/difunden-normas-de-la-ley-karin-en-escuelas-del-slep-magallanes\/\">Leer m\u00e1s<\/a><\/p>\n","protected":false},"author":2,"featured_media":50499,"comment_status":"closed","ping_status":"closed","sticky":false,"template":"","format":"standard","meta":{"footnotes":""},"categories":[1],"tags":[],"class_list":["post-50498","post","type-post","status-publish","format-standard","has-post-thumbnail","hentry","category-cronica"],"_links":{"self":[{"href":"https:\/\/www.radiopresidenteibanez.cl\/web\/wp-json\/wp\/v2\/posts\/50498","targetHints":{"allow":["GET"]}}],"collection":[{"href":"https:\/\/www.radiopresidenteibanez.cl\/web\/wp-json\/wp\/v2\/posts"}],"about":[{"href":"https:\/\/www.radiopresidenteibanez.cl\/web\/wp-json\/wp\/v2\/types\/post"}],"author":[{"embeddable":true,"href":"https:\/\/www.radiopresidenteibanez.cl\/web\/wp-json\/wp\/v2\/users\/2"}],"replies":[{"embeddable":true,"href":"https:\/\/www.radiopresidenteibanez.cl\/web\/wp-json\/wp\/v2\/comments?post=50498"}],"version-history":[{"count":0,"href":"https:\/\/www.radiopresidenteibanez.cl\/web\/wp-json\/wp\/v2\/posts\/50498\/revisions"}],"wp:featuredmedia":[{"embeddable":true,"href":"https:\/\/www.radiopresidenteibanez.cl\/web\/wp-json\/wp\/v2\/media\/50499"}],"wp:attachment":[{"href":"https:\/\/www.radiopresidenteibanez.cl\/web\/wp-json\/wp\/v2\/media?parent=50498"}],"wp:term":[{"taxonomy":"category","embeddable":true,"href":"https:\/\/www.radiopresidenteibanez.cl\/web\/wp-json\/wp\/v2\/categories?post=50498"},{"taxonomy":"post_tag","embeddable":true,"href":"https:\/\/www.radiopresidenteibanez.cl\/web\/wp-json\/wp\/v2\/tags?post=50498"}],"curies":[{"name":"wp","href":"https:\/\/api.w.org\/{rel}","templated":true}]}}