{"id":50492,"date":"2024-08-11T11:38:12","date_gmt":"2024-08-11T14:38:12","guid":{"rendered":"https:\/\/www.radiopresidenteibanez.cl\/web\/?p=50492"},"modified":"2024-08-11T11:38:16","modified_gmt":"2024-08-11T14:38:16","slug":"senador-kusanovic-solicito-al-presidente-modernizar-el-sistema-penitenciario-para-implementar-nuevos-modelos-carcelarios-y-de-reinsercion-social","status":"publish","type":"post","link":"https:\/\/www.radiopresidenteibanez.cl\/web\/senador-kusanovic-solicito-al-presidente-modernizar-el-sistema-penitenciario-para-implementar-nuevos-modelos-carcelarios-y-de-reinsercion-social\/","title":{"rendered":"Senador Kusanovic solicit\u00f3 al presidente modernizar el sistema penitenciario para implementar nuevos modelos carcelarios y de reinserci\u00f3n social"},"content":{"rendered":"\n<p>A trav\u00e9s de un proyecto de acuerdo, el cual fue apoyado por 28 parlamentarios, el<br>senador Alejandro Kusanovic, solicito al Presidente de la Republica avanzar en un<br>nuevo sistema penitenciario que permita la implementaci\u00f3n de nuevos modelos<br>carcelarios y de reinserci\u00f3n social para superar las falencias existentes y entregue<br>respuesta de forma planificada en el tiempo.<br>En la iniciativa, el parlamentario insisti\u00f3 en dar urgencia al proyecto de ley que<br>establece un r\u00e9gimen diferenciado de internaci\u00f3n penitenciaria en los casos de<br>imputados y condenados que hubieren formado parte de bandas del crimen<br>organizado, recogiendo la experiencia italiana.<br>En el marco de la sesi\u00f3n especial en el Senado para conocer la situaci\u00f3n actual<br>del sistema carcelario, el parlamentario por Magallanes, Alejandro Kusanovic<br>manifest\u00f3 que \u201cel sistema carcelario que tenemos est\u00e1 absolutamente agotado<br>hace d\u00e9cadas y no ofrece ninguna garant\u00eda en la rehabilitaci\u00f3n de los condenados.<br>Hoy se necesita disciplina en las c\u00e1rceles, con rutinas que le permitan reflexionar,<br>hacer un cambio en su conducta y sin comunicaci\u00f3n con el exterior. No puede ser<br>que los delincuentes sigan operando desde las c\u00e1rceles\u201d.<br>La solicitud al Presidente, seg\u00fan se desprende del Proyecto de Acuerdo, va<br>mucho m\u00e1s all\u00e1 de si se crean o no m\u00e1s c\u00e1rceles, sino que solicitan \u201creformar todo<br>el sistema penitenciario con una mirada a largo plazo, revisar el rol de las<br>instituciones y elaborar nuevos est\u00e1ndares de las c\u00e1rceles, facilitando su<br>construcci\u00f3n, distinguir el destino seg\u00fan el perfil y tipo de condenado; establecer<br>medidas que apunten a mejorar la disciplina, as\u00ed como realizar tareas o trabajos<br>que beneficien a la comunidad; y adoptar medidas que permitan reflexionar sobre<br>su conducta durante el cumplimiento de las condenas privativas de libertad\u201d.<br>Para Kusanovic, esta medida es fundamental y no pasa por donde hay que<br>colocar la c\u00e1rcel, sino lo que pasa en su interior, detallando que \u201ctenemos que<br>mirar la experiencia en el extranjero, lo que se est\u00e1 haciendo en las c\u00e1rceles para<br>primerizos, los j\u00f3venes y para el crimen organizado, donde tienen sistemas estilo<br>servicio militar, que buscan cambiarle la mentalidad al recluso, con rutinas,<br>ejercicio y disciplina, donde pueden aprenden oficios \u00fatiles para reinsertarse<br>efectivamente. Distinto a lo que tenemos en Chile, donde la c\u00e1rcel se transform\u00f3<br>en la escuela del delito y las malas juntas\u00bb.<\/p>\n","protected":false},"excerpt":{"rendered":"<p>A trav\u00e9s de un proyecto de acuerdo, el cual fue apoyado por 28 parlamentarios, elsenador Alejandro Kusanovic, solicito al Presidente de la Republica avanzar en unnuevo sistema penitenciario que permita&#8230; <a class=\"read-more\" href=\"https:\/\/www.radiopresidenteibanez.cl\/web\/senador-kusanovic-solicito-al-presidente-modernizar-el-sistema-penitenciario-para-implementar-nuevos-modelos-carcelarios-y-de-reinsercion-social\/\">Leer m\u00e1s<\/a><\/p>\n","protected":false},"author":2,"featured_media":50493,"comment_status":"closed","ping_status":"closed","sticky":false,"template":"","format":"standard","meta":{"footnotes":""},"categories":[1],"tags":[],"class_list":["post-50492","post","type-post","status-publish","format-standard","has-post-thumbnail","hentry","category-cronica"],"_links":{"self":[{"href":"https:\/\/www.radiopresidenteibanez.cl\/web\/wp-json\/wp\/v2\/posts\/50492","targetHints":{"allow":["GET"]}}],"collection":[{"href":"https:\/\/www.radiopresidenteibanez.cl\/web\/wp-json\/wp\/v2\/posts"}],"about":[{"href":"https:\/\/www.radiopresidenteibanez.cl\/web\/wp-json\/wp\/v2\/types\/post"}],"author":[{"embeddable":true,"href":"https:\/\/www.radiopresidenteibanez.cl\/web\/wp-json\/wp\/v2\/users\/2"}],"replies":[{"embeddable":true,"href":"https:\/\/www.radiopresidenteibanez.cl\/web\/wp-json\/wp\/v2\/comments?post=50492"}],"version-history":[{"count":0,"href":"https:\/\/www.radiopresidenteibanez.cl\/web\/wp-json\/wp\/v2\/posts\/50492\/revisions"}],"wp:featuredmedia":[{"embeddable":true,"href":"https:\/\/www.radiopresidenteibanez.cl\/web\/wp-json\/wp\/v2\/media\/50493"}],"wp:attachment":[{"href":"https:\/\/www.radiopresidenteibanez.cl\/web\/wp-json\/wp\/v2\/media?parent=50492"}],"wp:term":[{"taxonomy":"category","embeddable":true,"href":"https:\/\/www.radiopresidenteibanez.cl\/web\/wp-json\/wp\/v2\/categories?post=50492"},{"taxonomy":"post_tag","embeddable":true,"href":"https:\/\/www.radiopresidenteibanez.cl\/web\/wp-json\/wp\/v2\/tags?post=50492"}],"curies":[{"name":"wp","href":"https:\/\/api.w.org\/{rel}","templated":true}]}}