{"id":50482,"date":"2024-08-09T16:54:00","date_gmt":"2024-08-09T19:54:00","guid":{"rendered":"https:\/\/www.radiopresidenteibanez.cl\/web\/?p=50482"},"modified":"2024-08-09T10:35:53","modified_gmt":"2024-08-09T13:35:53","slug":"mercado-fosis-y-feria-de-la-ninez-las-opciones-para-regalar-este-fin-de-semana","status":"publish","type":"post","link":"https:\/\/www.radiopresidenteibanez.cl\/web\/mercado-fosis-y-feria-de-la-ninez-las-opciones-para-regalar-este-fin-de-semana\/","title":{"rendered":"MERCADO FOSIS Y FERIA DE LA NI\u00d1EZ LAS OPCIONES PARA REGALAR ESTE FIN DE SEMANA"},"content":{"rendered":"\n<p>Para celebrar el D\u00eda de la Ni\u00f1ez que se celebra este 11 de agosto, el Fondo de<br>Solidaridad e Inversi\u00f3n Social (FOSIS) habilit\u00f3 una iniciativa que ofrece la<br>posibilidad de comprar productos y servicios de personas emprendedoras de todo<br>el pa\u00eds, que hayan participado de los programas de emprendimiento del FOSIS o<br>que pertenezcan al 60% de la poblaci\u00f3n m\u00e1s vulnerable.<br>Se trata del Mercado FOSIS: una plataforma de comercio electr\u00f3nico, que se<br>accede a trav\u00e9s de la p\u00e1gina web del FOSIS www.fosis.gob.cl. Esta iniciativa<br>busca entregar un espacio de comercializaci\u00f3n a aquellas personas<br>emprendedoras apoyadas por sus programas a nivel nacional y que cuenta con<br>personas usuarias magall\u00e1nicas.<br>Las categor\u00edas disponibles en Mercado FOSIS son artesan\u00eda, accesorios y regalos,<br>belleza y salud, comida, mundo infantil, vestuario y calzado y servicios.<br>Por otra parte, de manera presencial, hasta el domingo 11 de agosto est\u00e1<br>disponible en el primer piso del mall Espacio Urbano Pionero la Feria de la Ni\u00f1ez,<br>que presenta a 10 emprendimientos destacados que ofrecen atractivos regalos<br>para ni\u00f1os y ni\u00f1as, que van desde art\u00edculos de anim\u00e9, poleras y polerones<br>estampados, productos educativos de flora y fauna, plantas, chocolates, entre<br>otros.<br>El director regional del servicio, Felipe Jeria Palma, hizo un llamado a la<br>comunidad a conocer y acceder a ambos eventos para regalar con sentido y<br>marcar la diferencia en este D\u00eda de la Ni\u00f1ez.<\/p>\n","protected":false},"excerpt":{"rendered":"<p>Para celebrar el D\u00eda de la Ni\u00f1ez que se celebra este 11 de agosto, el Fondo deSolidaridad e Inversi\u00f3n Social (FOSIS) habilit\u00f3 una iniciativa que ofrece laposibilidad de comprar productos&#8230; <a class=\"read-more\" href=\"https:\/\/www.radiopresidenteibanez.cl\/web\/mercado-fosis-y-feria-de-la-ninez-las-opciones-para-regalar-este-fin-de-semana\/\">Leer m\u00e1s<\/a><\/p>\n","protected":false},"author":2,"featured_media":50483,"comment_status":"closed","ping_status":"closed","sticky":false,"template":"","format":"standard","meta":{"footnotes":""},"categories":[1],"tags":[],"class_list":["post-50482","post","type-post","status-publish","format-standard","has-post-thumbnail","hentry","category-cronica"],"_links":{"self":[{"href":"https:\/\/www.radiopresidenteibanez.cl\/web\/wp-json\/wp\/v2\/posts\/50482","targetHints":{"allow":["GET"]}}],"collection":[{"href":"https:\/\/www.radiopresidenteibanez.cl\/web\/wp-json\/wp\/v2\/posts"}],"about":[{"href":"https:\/\/www.radiopresidenteibanez.cl\/web\/wp-json\/wp\/v2\/types\/post"}],"author":[{"embeddable":true,"href":"https:\/\/www.radiopresidenteibanez.cl\/web\/wp-json\/wp\/v2\/users\/2"}],"replies":[{"embeddable":true,"href":"https:\/\/www.radiopresidenteibanez.cl\/web\/wp-json\/wp\/v2\/comments?post=50482"}],"version-history":[{"count":0,"href":"https:\/\/www.radiopresidenteibanez.cl\/web\/wp-json\/wp\/v2\/posts\/50482\/revisions"}],"wp:featuredmedia":[{"embeddable":true,"href":"https:\/\/www.radiopresidenteibanez.cl\/web\/wp-json\/wp\/v2\/media\/50483"}],"wp:attachment":[{"href":"https:\/\/www.radiopresidenteibanez.cl\/web\/wp-json\/wp\/v2\/media?parent=50482"}],"wp:term":[{"taxonomy":"category","embeddable":true,"href":"https:\/\/www.radiopresidenteibanez.cl\/web\/wp-json\/wp\/v2\/categories?post=50482"},{"taxonomy":"post_tag","embeddable":true,"href":"https:\/\/www.radiopresidenteibanez.cl\/web\/wp-json\/wp\/v2\/tags?post=50482"}],"curies":[{"name":"wp","href":"https:\/\/api.w.org\/{rel}","templated":true}]}}