{"id":50479,"date":"2024-08-09T15:37:00","date_gmt":"2024-08-09T18:37:00","guid":{"rendered":"https:\/\/www.radiopresidenteibanez.cl\/web\/?p=50479"},"modified":"2024-08-09T10:24:14","modified_gmt":"2024-08-09T13:24:14","slug":"con-exito-se-desarrollo-la-quinta-version-de-la-enprotur-patagonia-2024","status":"publish","type":"post","link":"https:\/\/www.radiopresidenteibanez.cl\/web\/con-exito-se-desarrollo-la-quinta-version-de-la-enprotur-patagonia-2024\/","title":{"rendered":"CON EXITO SE DESARROLLO LA QUINTA VERSION DE LA ENPROTUR PATAGONIA 2024"},"content":{"rendered":"\n<p>Consolid\u00e1ndose como un evento clave para la industria tur\u00edstica de Magallanes concluy\u00f3 con \u00e9xito la quinta versi\u00f3n de la Enprotur Patagonia 2024. Este a\u00f1o, el evento cont\u00f3 con la participaci\u00f3n de 27 hoteles anfitriones y m\u00e1s de 30 servicios invitados, quienes presentaron sus innovadoras propuestas para la temporada que se avecina.<br>\u201cEstamos muy contentos con esta Enprotur 2024. Durante la ma\u00f1ana, se desarrollaron<br>m\u00e1s de 400 reuniones en donde distintos proveedores, servicios y productos han podido<br>realizar reuniones para ver si pueden concretar nuevos negocios. Para nosotros es una<br>fiesta. Es el evento m\u00e1s grande del turismo en Magallanes y lo queremos vivir as\u00ed. De<br>hecho, cada vez son m\u00e1s las empresas que se quieren sumar, as\u00ed que los dejamos<br>cordialmente invitados para la edici\u00f3n 2025\u201d, coment\u00f3 Sara Adema Yusta, Gerente de la<br>Asociaci\u00f3n de Hoteles y Servicios Tur\u00edsticos de Torres del Paine.<br>Rodrigo Bustamante, presidente de la Asociaci\u00f3n de Hoteles y Servicios Tur\u00edsticos de<br>Torres del Paine, agreg\u00f3 que \u201ccada a\u00f1o Enprotur genera muchos negocios, la verdad es<br>que eso es parte del \u00e9xito de la jornada. Los proveedores y clientes que se acercan a<br>nosotros con mucho tiempo antes para poder reservar su espacio, y estar presentes en<br>este evento que, no conozco otro a nivel regional y nacional, as\u00ed que es muy importante<br>que haya nacido en Magallanes, que se fomente en Magallanes y que vaya creciendo a\u00f1o<br>a a\u00f1o\u201d.<br>Durante el evento, se llevaron a cabo charlas de las empresas auspiciadoras dirigidas a la<br>comunidad, especialmente, a los alumnos de hoteler\u00eda y turismo de las distintas casas de<br>estudio de Magallanes. Estas charlas ofrecieron una valiosa oportunidad para que los<br>futuros profesionales del sector conocieran de primera mano las \u00faltimas tendencias en la<br>industria.<br>La Enprotur Patagonia 2024 tambi\u00e9n cont\u00f3 con la presencia de diversas autoridades<br>locales, quienes destacaron la importancia del evento para el desarrollo econ\u00f3mico y<br>tur\u00edstico de la regi\u00f3n.<\/p>\n\n\n\n<p><\/p>\n","protected":false},"excerpt":{"rendered":"<p>Consolid\u00e1ndose como un evento clave para la industria tur\u00edstica de Magallanes concluy\u00f3 con \u00e9xito la quinta versi\u00f3n de la Enprotur Patagonia 2024. Este a\u00f1o, el evento cont\u00f3 con la participaci\u00f3n&#8230; <a class=\"read-more\" href=\"https:\/\/www.radiopresidenteibanez.cl\/web\/con-exito-se-desarrollo-la-quinta-version-de-la-enprotur-patagonia-2024\/\">Leer m\u00e1s<\/a><\/p>\n","protected":false},"author":2,"featured_media":50480,"comment_status":"closed","ping_status":"closed","sticky":false,"template":"","format":"standard","meta":{"footnotes":""},"categories":[1],"tags":[],"class_list":["post-50479","post","type-post","status-publish","format-standard","has-post-thumbnail","hentry","category-cronica"],"_links":{"self":[{"href":"https:\/\/www.radiopresidenteibanez.cl\/web\/wp-json\/wp\/v2\/posts\/50479","targetHints":{"allow":["GET"]}}],"collection":[{"href":"https:\/\/www.radiopresidenteibanez.cl\/web\/wp-json\/wp\/v2\/posts"}],"about":[{"href":"https:\/\/www.radiopresidenteibanez.cl\/web\/wp-json\/wp\/v2\/types\/post"}],"author":[{"embeddable":true,"href":"https:\/\/www.radiopresidenteibanez.cl\/web\/wp-json\/wp\/v2\/users\/2"}],"replies":[{"embeddable":true,"href":"https:\/\/www.radiopresidenteibanez.cl\/web\/wp-json\/wp\/v2\/comments?post=50479"}],"version-history":[{"count":0,"href":"https:\/\/www.radiopresidenteibanez.cl\/web\/wp-json\/wp\/v2\/posts\/50479\/revisions"}],"wp:featuredmedia":[{"embeddable":true,"href":"https:\/\/www.radiopresidenteibanez.cl\/web\/wp-json\/wp\/v2\/media\/50480"}],"wp:attachment":[{"href":"https:\/\/www.radiopresidenteibanez.cl\/web\/wp-json\/wp\/v2\/media?parent=50479"}],"wp:term":[{"taxonomy":"category","embeddable":true,"href":"https:\/\/www.radiopresidenteibanez.cl\/web\/wp-json\/wp\/v2\/categories?post=50479"},{"taxonomy":"post_tag","embeddable":true,"href":"https:\/\/www.radiopresidenteibanez.cl\/web\/wp-json\/wp\/v2\/tags?post=50479"}],"curies":[{"name":"wp","href":"https:\/\/api.w.org\/{rel}","templated":true}]}}