{"id":50473,"date":"2024-08-09T11:54:00","date_gmt":"2024-08-09T14:54:00","guid":{"rendered":"https:\/\/www.radiopresidenteibanez.cl\/web\/?p=50473"},"modified":"2024-08-09T09:46:32","modified_gmt":"2024-08-09T12:46:32","slug":"desde-hace-rato-cuando-ustedes-llegaron-ya-estaban-las-huellas-de-nuestros-zapatos-canta-residente","status":"publish","type":"post","link":"https:\/\/www.radiopresidenteibanez.cl\/web\/desde-hace-rato-cuando-ustedes-llegaron-ya-estaban-las-huellas-de-nuestros-zapatos-canta-residente\/","title":{"rendered":"Desde hace rato cuando ustedes llegaron ya estaban las huellas de nuestros zapatos..\u00bb canta Residente"},"content":{"rendered":"\n<p>Hace algunos d\u00edas dimos un enorme paso en la regularizaci\u00f3n de nuestro funcionamiento interno, respondiendo a la vez a un mandato de nuestros estatutos, lo que tenemos siempre muy presente.<br>Es cierto que desde hace ya m\u00e1s de veinte a\u00f1os se priv\u00f3 a la Direcci\u00f3n del Trabajo de su facultad inspectiva de los libros de actas y de contabilidad de las organizaciones sindicales, como asimismo se derog\u00f3 la exigencia de que los sindicatos con m\u00e1s de 250 socios deb\u00edan confeccionar balances firmados por un contador, exigencia que era aplicable a las federaciones y confederaciones seg\u00fan la ley vigente hasta el a\u00f1o 2001, derogada por el gobierno de Ricardo Lagos y aplaudida efusivamente por la CUT. Por eso y desechando esta facultad que abre la puertas al desfalco y la corrupci\u00f3n, \u00e9sta CGT deposit\u00f3 en la Inspecci\u00f3n del Trabajo de Santiago sus balances pendientes entre los a\u00f1os 2017 y 2022.<\/p>\n\n\n\n<p>2.- \u00bfPorque tantos balances pendientes?, porque tanto el tesorero como el presidente de la organizaci\u00f3n en esos periodos, fallaron a su obligaci\u00f3n de cautelar como correspond\u00eda los recursos de la organizaci\u00f3n y dar cuenta peri\u00f3dicamente de ello. Fue probado que el ex presidente de la organizaci\u00f3n, Esteban Hidalgo Salas, destruy\u00f3 y\/o hizo desaparecer toda la informaci\u00f3n contable, comprobantes de ingresos y egresos y otros documentos correspondientes al periodo que estuvo al frente de la organizaci\u00f3n e incluso periodos anteriores, de la misma manera que subrepticiamente se apropi\u00f3 de m\u00e1s de 40 millones de pesos de la organizaci\u00f3n.<br>Bastante se trabaj\u00f3 para probar y denunciar esto hechos re\u00f1idos conla moarl clasista, solo faltan las sanciones y estas tendr\u00e1n que llegar.<br>En el intertanto, seguiremos regularizando para entregar la organizaci\u00f3n completamente saneada al directorio que se elegir\u00e1 en octubre de 2024.<\/p>\n","protected":false},"excerpt":{"rendered":"<p>Hace algunos d\u00edas dimos un enorme paso en la regularizaci\u00f3n de nuestro funcionamiento interno, respondiendo a la vez a un mandato de nuestros estatutos, lo que tenemos siempre muy presente.Es&#8230; <a class=\"read-more\" href=\"https:\/\/www.radiopresidenteibanez.cl\/web\/desde-hace-rato-cuando-ustedes-llegaron-ya-estaban-las-huellas-de-nuestros-zapatos-canta-residente\/\">Leer m\u00e1s<\/a><\/p>\n","protected":false},"author":2,"featured_media":50474,"comment_status":"closed","ping_status":"closed","sticky":false,"template":"","format":"standard","meta":{"footnotes":""},"categories":[1],"tags":[],"class_list":["post-50473","post","type-post","status-publish","format-standard","has-post-thumbnail","hentry","category-cronica"],"_links":{"self":[{"href":"https:\/\/www.radiopresidenteibanez.cl\/web\/wp-json\/wp\/v2\/posts\/50473","targetHints":{"allow":["GET"]}}],"collection":[{"href":"https:\/\/www.radiopresidenteibanez.cl\/web\/wp-json\/wp\/v2\/posts"}],"about":[{"href":"https:\/\/www.radiopresidenteibanez.cl\/web\/wp-json\/wp\/v2\/types\/post"}],"author":[{"embeddable":true,"href":"https:\/\/www.radiopresidenteibanez.cl\/web\/wp-json\/wp\/v2\/users\/2"}],"replies":[{"embeddable":true,"href":"https:\/\/www.radiopresidenteibanez.cl\/web\/wp-json\/wp\/v2\/comments?post=50473"}],"version-history":[{"count":0,"href":"https:\/\/www.radiopresidenteibanez.cl\/web\/wp-json\/wp\/v2\/posts\/50473\/revisions"}],"wp:featuredmedia":[{"embeddable":true,"href":"https:\/\/www.radiopresidenteibanez.cl\/web\/wp-json\/wp\/v2\/media\/50474"}],"wp:attachment":[{"href":"https:\/\/www.radiopresidenteibanez.cl\/web\/wp-json\/wp\/v2\/media?parent=50473"}],"wp:term":[{"taxonomy":"category","embeddable":true,"href":"https:\/\/www.radiopresidenteibanez.cl\/web\/wp-json\/wp\/v2\/categories?post=50473"},{"taxonomy":"post_tag","embeddable":true,"href":"https:\/\/www.radiopresidenteibanez.cl\/web\/wp-json\/wp\/v2\/tags?post=50473"}],"curies":[{"name":"wp","href":"https:\/\/api.w.org\/{rel}","templated":true}]}}