{"id":5047,"date":"2019-06-14T18:48:52","date_gmt":"2019-06-14T18:48:52","guid":{"rendered":"http:\/\/www.radiopresidenteibanez.cl\/web\/?p=5047"},"modified":"2019-06-14T19:48:37","modified_gmt":"2019-06-14T19:48:37","slug":"salmonicultores-de-magallanes-las-declaraciones-de-la-senadora-goic-son-poco-consecuentes","status":"publish","type":"post","link":"https:\/\/www.radiopresidenteibanez.cl\/web\/salmonicultores-de-magallanes-las-declaraciones-de-la-senadora-goic-son-poco-consecuentes\/","title":{"rendered":"SALMONICULTORES DE MAGALLANES: LAS DECLARACIONES DE LA SENADORA GOIC SON POCO CONSECUENTES"},"content":{"rendered":"\n<p>La Asociaci\u00f3n de Salmonicultores\nde Magallanes ha querido referirse a las \u00faltimas declaraciones de la Senadora\nCarolina Goic sobre la industria, en las que ha mencionado que distintos\nsectores, como la pesca artesanal, el turismo y la conservaci\u00f3n, se ven\nafectados por la salmonicultura. &nbsp;<\/p>\n\n\n\n<p>La Senadora, adem\u00e1s, mencion\u00f3 que\nno est\u00e1 en contra de la industria, lo que parece bastante parad\u00f3jico luego de\ntodas las declaraciones que ha dado en contra de la Salmonicultura en\nMagallanes. Solo hay que recordar aquella columna en un medio escrito de la\nregi\u00f3n, el 7 de abril de este a\u00f1o, que titulaba: \u00a1NO! A las salmoneras.&nbsp; Pero en el tema de fondo, la industria ha\ndemostrado con hechos que es posible que todos los sectores en Magallanes,\ncumpliendo con la normativa, puedan coexistir. <\/p>\n\n\n\n<p>Hace unos d\u00edas fue p\u00fablico el\napoyo de los pescadores artesanales de Magallanes a la actividad\nsalmonicultora. Y es que ambos sectores comparten la realidad del mar; hay\nprestadores de servicios de la industria que son o fueron pescadores\nartesanales; en definitiva, mantienen una relaci\u00f3n de hace a\u00f1os, que se est\u00e1\nfortaleciendo mediante un trabajo coordinado. Los ejemplos de colaboraci\u00f3n son\nvarios, desde ayuda mutua en el mar en caso de incidentes, hasta propuestas\npara apoyar a la pesca artesanal en el retiro de residuos desde zona de pesca,\ncuesti\u00f3n que no ha podido ser resuelta en favor de este sector. <\/p>\n\n\n\n<p>En el caso del conservacionismo,\nla historia tampoco es diferente. La industria es la primera que debe cuidar el\npatrimonio medioambiental de la regi\u00f3n, ya que esto permite que se pueda criar un\nsalm\u00f3n de excelencia, que da la posibilidad de ingresar a mercados complejos, a\nlos que otros productores simplemente no pueden entrar. Por otro lado, la\nindustria posee concesiones por 2.100 hect\u00e1reas (134 concesiones), de las que\nutiliza menos de un tercio por ciclo productivo. Eso, versus&nbsp; las 8 millones de hect\u00e1reas destinadas a la\nconservaci\u00f3n. \u00bfRealmente no pueden convivir la salmonicultura con la\nconservaci\u00f3n? o \u00bfsimplemente se quiere terminar con una industria que emplea a\nm\u00e1s de 5 mil personas en la regi\u00f3n y &nbsp;la\nque hasta ahora,&nbsp; luego de 20 a\u00f1os de\nhistoria, ha sido un ejemplo de producci\u00f3n sustentable?<\/p>\n\n\n\n<p>Finalmente, tampoco es incompatible el cultivo del salm\u00f3n con el turismo. No utilizan los mismos espacios y si se quiere ir m\u00e1s all\u00e1, en \u00e9poca estival los hoteles y restaurantes aumentan su demanda de salm\u00f3n en Magallanes, como una muestra de que las salmonicultura aporta a la gastronom\u00eda regional un producto de primera calidad, para los turistas, pero tambi\u00e9n para los magall\u00e1nicos.&nbsp; <\/p>\n\n\n\n<figure class=\"wp-block-image\"><img loading=\"lazy\" decoding=\"async\" width=\"900\" height=\"479\" src=\"https:\/\/www.radiopresidenteibanez.cl\/web\/wp-content\/uploads\/2019\/06\/DJI_0005-Pano.jpg\" alt=\"\" class=\"wp-image-5048\" srcset=\"https:\/\/www.radiopresidenteibanez.cl\/web\/wp-content\/uploads\/2019\/06\/DJI_0005-Pano.jpg 900w, https:\/\/www.radiopresidenteibanez.cl\/web\/wp-content\/uploads\/2019\/06\/DJI_0005-Pano-300x160.jpg 300w, https:\/\/www.radiopresidenteibanez.cl\/web\/wp-content\/uploads\/2019\/06\/DJI_0005-Pano-768x409.jpg 768w\" sizes=\"auto, (max-width: 900px) 100vw, 900px\" \/><\/figure>\n","protected":false},"excerpt":{"rendered":"<p>La Asociaci\u00f3n de Salmonicultores de Magallanes ha querido referirse a las \u00faltimas declaraciones de la Senadora Carolina Goic sobre la industria, en las que ha mencionado que distintos sectores, como&#8230; <a class=\"read-more\" href=\"https:\/\/www.radiopresidenteibanez.cl\/web\/salmonicultores-de-magallanes-las-declaraciones-de-la-senadora-goic-son-poco-consecuentes\/\">Leer m\u00e1s<\/a><\/p>\n","protected":false},"author":2,"featured_media":5048,"comment_status":"closed","ping_status":"closed","sticky":false,"template":"","format":"standard","meta":{"footnotes":""},"categories":[1],"tags":[],"class_list":["post-5047","post","type-post","status-publish","format-standard","has-post-thumbnail","hentry","category-cronica"],"_links":{"self":[{"href":"https:\/\/www.radiopresidenteibanez.cl\/web\/wp-json\/wp\/v2\/posts\/5047","targetHints":{"allow":["GET"]}}],"collection":[{"href":"https:\/\/www.radiopresidenteibanez.cl\/web\/wp-json\/wp\/v2\/posts"}],"about":[{"href":"https:\/\/www.radiopresidenteibanez.cl\/web\/wp-json\/wp\/v2\/types\/post"}],"author":[{"embeddable":true,"href":"https:\/\/www.radiopresidenteibanez.cl\/web\/wp-json\/wp\/v2\/users\/2"}],"replies":[{"embeddable":true,"href":"https:\/\/www.radiopresidenteibanez.cl\/web\/wp-json\/wp\/v2\/comments?post=5047"}],"version-history":[{"count":0,"href":"https:\/\/www.radiopresidenteibanez.cl\/web\/wp-json\/wp\/v2\/posts\/5047\/revisions"}],"wp:featuredmedia":[{"embeddable":true,"href":"https:\/\/www.radiopresidenteibanez.cl\/web\/wp-json\/wp\/v2\/media\/5048"}],"wp:attachment":[{"href":"https:\/\/www.radiopresidenteibanez.cl\/web\/wp-json\/wp\/v2\/media?parent=5047"}],"wp:term":[{"taxonomy":"category","embeddable":true,"href":"https:\/\/www.radiopresidenteibanez.cl\/web\/wp-json\/wp\/v2\/categories?post=5047"},{"taxonomy":"post_tag","embeddable":true,"href":"https:\/\/www.radiopresidenteibanez.cl\/web\/wp-json\/wp\/v2\/tags?post=5047"}],"curies":[{"name":"wp","href":"https:\/\/api.w.org\/{rel}","templated":true}]}}