{"id":50451,"date":"2024-08-08T14:24:00","date_gmt":"2024-08-08T17:24:00","guid":{"rendered":"https:\/\/www.radiopresidenteibanez.cl\/web\/?p=50451"},"modified":"2024-08-08T11:28:47","modified_gmt":"2024-08-08T14:28:47","slug":"encuentran-vestigos-del-impacto-del-meteorito-relacionado-con-la-extincion-de-los-dinosaurios-en-la-patagonia","status":"publish","type":"post","link":"https:\/\/www.radiopresidenteibanez.cl\/web\/encuentran-vestigos-del-impacto-del-meteorito-relacionado-con-la-extincion-de-los-dinosaurios-en-la-patagonia\/","title":{"rendered":"ENCUENTRAN VESTIGOS DEL IMPACTO DEL METEORITO RELACIONADO CON LA EXTINCION DE LOS DINOSAURIOS EN LA PATAGONIA"},"content":{"rendered":"\n<p>Un reciente <a href=\"https:\/\/www.researchgate.net\/publication\/380798898_The_KPg_event_at_high_southern_latitudes_new_evidence_from_continental_deposits_in_the_MagallanesAustral_Basin_Patagonia_South_America#:~:text=10.1016\/j.cretres.2024.105931\" target=\"_blank\" rel=\"noreferrer noopener\">art\u00edculo cient\u00edfico<\/a> posiciona a Cerro Guido y el valle del R\u00edo de las Chinas en la regi\u00f3n de Magallanes y de la Ant\u00e1rtica Chilena como el lugar m\u00e1s meridional de Am\u00e9rica asociado a un ambiente continental donde se ha estudiado la presencia del l\u00edmite Cret\u00e1cico-Pale\u00f3geno (l\u00edmite K\/Pg), un evento que marca la extinci\u00f3n masiva de los dinosaurios hace 66 millones de a\u00f1os.<\/p>\n\n\n\n<p>Hacia el final del Mesozoico -per\u00edodo tambi\u00e9n conocido como la Era de los Dinosaurios- un asteroide impact\u00f3 en Chicxulub, pen\u00ednsula de Yucat\u00e1n (M\u00e9xico), originando una de las mayores extinciones masivas conocidas y que represent\u00f3 la desaparici\u00f3n del 75 % de las especies que habitaban el planeta.&nbsp;<\/p>\n\n\n\n<p>El estudio fue liderado por la Dra. Leslie Manr\u00edquez M\u00e1rquez, ge\u00f3loga e investigadora posdoctoral del Instituto Ant\u00e1rtico Chileno (INACH), quien relata que el impacto de un meteorito trae consigo \u201cuna serie de se\u00f1ales que quedan registradas en las rocas tales como microesf\u00e9rulas, cuarzo de impacto, anomal\u00eda de iridio, dep\u00f3sitos de flujo de detritos y dep\u00f3sitos de tsunamis. En la regi\u00f3n austral, se destaca la presencia del elemento iridio, que es muy escaso en la corteza terrestre, pero abundante en los meteoritos.\u201d&nbsp;<\/p>\n\n\n\n<p>Los registros con iridio de este l\u00edmite en el hemisferio sur son limitados. Uno de los lugares donde se estudi\u00f3 esta anomal\u00eda fue en la isla Seymour en la Ant\u00e1rtica. Manr\u00edquez y su equipo demostraron que en el valle del R\u00edo de las Chinas se encontr\u00f3 una anomal\u00eda de iridio en la secci\u00f3n superior de la formaci\u00f3n Dorotea. \u201cEso quiere decir que localizamos el famoso l\u00edmite K\/Pg y que, adem\u00e1s, en el mismo punto de muestreo se encontr\u00f3 evidencia de las perturbaciones ambientales ocurridas durante el evento de extinci\u00f3n de fines de la Era de los Dinosaurios\u201d, afirm\u00f3 Manr\u00edquez.&nbsp;<\/p>\n\n\n\n<p>Este hallazgo permite comprender de mejor forma las condiciones ambientales y la diversidad biol\u00f3gica existentes justo antes de la gran extinci\u00f3n de fines del Cret\u00e1cico en paleoambientes continentales de altas latitudes y cu\u00e1les fueron los cambios ocasionados por el choque del asteroide.&nbsp;<\/p>\n\n\n\n<p>El material analizado (sedimentos) se recolect\u00f3 durante las campa\u00f1as de 2020 y 2021, donde participaron especialistas en geolog\u00eda, paleobot\u00e1nica y paleontolog\u00eda de vertebrados e invertebrados de la Universidad de Chile, Universidad de Concepci\u00f3n, Universidad do Vale do Rio dos Sinos (UNISINOS, Brasil), Universidad de Texas (Estados Unidos) y el INACH.&nbsp;<\/p>\n\n\n\n<p>Para localizar el l\u00edmite K\/Pg se realizaron an\u00e1lisis geoqu\u00edmicos y palinol\u00f3gicos (estudio de polen y esporas) en muestras de rocas de la secci\u00f3n superior de la formaci\u00f3n Dorotea, recolectadas cada diez cent\u00edmetros y procesadas en laboratorios en Brasil. Estos an\u00e1lisis se eligieron por dataciones previas del a\u00f1o 2020 que identificaron el intervalo K\/Pg.&nbsp;<\/p>\n\n\n\n<p>Los an\u00e1lisis de polen muestran un fen\u00f3meno llamado \u201cspore spike\u201d, que es un aumento r\u00e1pido de esporas de musgos y helechos en ambientes perturbados. Este incremento se debe principalmente a cambios ambientales, como incendios o deforestaci\u00f3n, que permiten que estas plantas pioneras colonicen r\u00e1pidamente las \u00e1reas afectadas. La relaci\u00f3n con el iridio sugiere que esto est\u00e1 vinculado al impacto del meteorito que caus\u00f3 la extinci\u00f3n del l\u00edmite K\/Pg. Actualmente, est\u00e1n estudiando c\u00f3mo este evento afect\u00f3 la vida en el sur del mundo.<\/p>\n\n\n\n<p>A partir de este descubrimiento se abren m\u00faltiples interrogantes que buscar\u00e1n responder en futuras investigaciones: \u201cAlgunas de ellas son: \u00bfc\u00f3mo cambi\u00f3 la biota austral a lo largo del l\u00edmite K\/Pg en altas latitudes?, \u00bfqu\u00e9 especies aparecen y desaparecen como respuesta a un mundo convulso y cambiante?, \u00bfc\u00f3mo vari\u00f3 el clima hacia finales del Cret\u00e1cico?, \u00bfqu\u00e9 perturbaciones ambientales se asocian al evento K\/Pg?, \u00bfexisten eventos de paleoincendios registrados?\u201d, se\u00f1ala Manr\u00edquez.&nbsp;<\/p>\n\n\n\n<p><strong>Cooperaci\u00f3n internacional<\/strong><\/p>\n\n\n\n<p>Este art\u00edculo publicado en la prestigiosa revista Cretaceous Research, es el primer resultado del proyecto Fondecyt de Postdoctorado n\u00ba 3230319 liderado por Manr\u00edquez. Respecto a esta publicaci\u00f3n, ella destaca: \u201cEs muy gratificante publicar los resultados obtenidos a lo largo del a\u00f1o pasado producto de una colaboraci\u00f3n con investigadores brasile\u00f1os, los cuales fueron un pilar fundamental para conseguir este resultado. Es una tarea ardua llegar a publicar un art\u00edculo en una revista cient\u00edfica. Contribuir al conocimiento cient\u00edfico resaltando una localidad del extremo sur de Chile ayuda a poner en valor su patrimonio natural lo cual es importante para la preservaci\u00f3n y creaci\u00f3n de una memoria patrimonial sobre la historia natural de la regi\u00f3n de Magallanes.\u201d<\/p>\n\n\n\n<p>El estudio <a href=\"http:\/\/dx.doi.org\/10.1016\/j.cretres.2024.105931\" target=\"_blank\" rel=\"noreferrer noopener\">\u201cEl evento K\/Pg en altas latitudes australes: Nuevas evidencias a partir de dep\u00f3sitos continentales en la Cuenca de Magallanes\/Austral, Patagonia, Sudam\u00e9rica\u201d<\/a> fue desarrollado en colaboraci\u00f3n con los investigadores Guilherme Krahl,&nbsp; Ernesto Lavina, Gerson Fauth y Marlone Bom de la Universidad do Vale do Rio dos Sinos y del Instituto Tecnol\u00f3gico Oceaneon. Tambi\u00e9n participaron los investigadores de la Universidad Federal de R\u00edo de Janeiro Gustavo Santiago (estudiante de doctorado), Dr. Marcelo Carvalho y Dr. Marcelo Leppe del N\u00facleo Milenio EVOTEM.&nbsp;<\/p>\n\n\n\n<p>Asimismo corresponde a una colaboraci\u00f3n con los proyectos del Programa Ant\u00e1rtico Brasile\u00f1o (PROANTAR): Proyecto Paleoclima y Florantar.&nbsp;<\/p>\n\n\n\n<p>Manr\u00edquez tambi\u00e9n destaca el apoyo brindado por el INACH, instituci\u00f3n que ha organizado expediciones en la zona por m\u00e1s de una d\u00e9cada, lo cual ha contribuido a una gran cantidad de profesionales desde sus etapas iniciales, incluy\u00e9ndola a ella, quien ha participado desde la primera campa\u00f1a cuando era estudiante de pregrado. Tambi\u00e9n agradece el apoyo de la Estancia Cerro Guido, donde se desarrollan estas investigaciones.&nbsp;<\/p>\n\n\n\n<p>\u201cLos nuevos estudios geol\u00f3gicos y paleontol\u00f3gicos en esta localidad arrojar\u00e1n m\u00e1s luces sobre los eventos ocurridos a fines de la Era de los Dinosaurios, momento que representa un punto importante en la historia geol\u00f3gica de la Tierra. La gran extinci\u00f3n de fines del Cret\u00e1cico dio la oportunidad a que nuevos linajes se pudieran diversificar, incluido aquel que llev\u00f3 a nuestra aparici\u00f3n en este planeta. Por ende, es importante continuar con las colaboraciones y con el desarrollo de las investigaciones incluyendo la formaci\u00f3n e intercambio de estudiantes y profesionales en el \u00e1rea de las geociencias\u201d, concluy\u00f3 la investigadora del INACH.&nbsp;<\/p>\n\n\n\n<p>El INACH es un organismo t\u00e9cnico del Ministerio de Relaciones Exteriores con plena autonom\u00eda en todo lo relacionado con asuntos ant\u00e1rticos de car\u00e1cter cient\u00edfico, tecnol\u00f3gico y de difusi\u00f3n. El INACH cumple con la Pol\u00edtica Ant\u00e1rtica Nacional incentivando el desarrollo de la investigaci\u00f3n de excelencia, participando efectivamente en el Sistema del Tratado Ant\u00e1rtico y foros relacionados, fortaleciendo a Magallanes como puerta de entrada al Continente Blanco y realizando acciones de divulgaci\u00f3n del conocimiento ant\u00e1rtico en la ciudadan\u00eda. El INACH organiza el Programa Nacional de Ciencia Ant\u00e1rtica (PROCIEN).<\/p>\n","protected":false},"excerpt":{"rendered":"<p>Un reciente art\u00edculo cient\u00edfico posiciona a Cerro Guido y el valle del R\u00edo de las Chinas en la regi\u00f3n de Magallanes y de la Ant\u00e1rtica Chilena como el lugar m\u00e1s&#8230; <a class=\"read-more\" href=\"https:\/\/www.radiopresidenteibanez.cl\/web\/encuentran-vestigos-del-impacto-del-meteorito-relacionado-con-la-extincion-de-los-dinosaurios-en-la-patagonia\/\">Leer m\u00e1s<\/a><\/p>\n","protected":false},"author":2,"featured_media":50452,"comment_status":"closed","ping_status":"closed","sticky":false,"template":"","format":"standard","meta":{"footnotes":""},"categories":[1],"tags":[],"class_list":["post-50451","post","type-post","status-publish","format-standard","has-post-thumbnail","hentry","category-cronica"],"_links":{"self":[{"href":"https:\/\/www.radiopresidenteibanez.cl\/web\/wp-json\/wp\/v2\/posts\/50451","targetHints":{"allow":["GET"]}}],"collection":[{"href":"https:\/\/www.radiopresidenteibanez.cl\/web\/wp-json\/wp\/v2\/posts"}],"about":[{"href":"https:\/\/www.radiopresidenteibanez.cl\/web\/wp-json\/wp\/v2\/types\/post"}],"author":[{"embeddable":true,"href":"https:\/\/www.radiopresidenteibanez.cl\/web\/wp-json\/wp\/v2\/users\/2"}],"replies":[{"embeddable":true,"href":"https:\/\/www.radiopresidenteibanez.cl\/web\/wp-json\/wp\/v2\/comments?post=50451"}],"version-history":[{"count":0,"href":"https:\/\/www.radiopresidenteibanez.cl\/web\/wp-json\/wp\/v2\/posts\/50451\/revisions"}],"wp:featuredmedia":[{"embeddable":true,"href":"https:\/\/www.radiopresidenteibanez.cl\/web\/wp-json\/wp\/v2\/media\/50452"}],"wp:attachment":[{"href":"https:\/\/www.radiopresidenteibanez.cl\/web\/wp-json\/wp\/v2\/media?parent=50451"}],"wp:term":[{"taxonomy":"category","embeddable":true,"href":"https:\/\/www.radiopresidenteibanez.cl\/web\/wp-json\/wp\/v2\/categories?post=50451"},{"taxonomy":"post_tag","embeddable":true,"href":"https:\/\/www.radiopresidenteibanez.cl\/web\/wp-json\/wp\/v2\/tags?post=50451"}],"curies":[{"name":"wp","href":"https:\/\/api.w.org\/{rel}","templated":true}]}}