{"id":50448,"date":"2024-08-08T12:50:00","date_gmt":"2024-08-08T15:50:00","guid":{"rendered":"https:\/\/www.radiopresidenteibanez.cl\/web\/?p=50448"},"modified":"2024-08-08T11:11:34","modified_gmt":"2024-08-08T14:11:34","slug":"si-supieras-cuando-perdi-la-confianza-y-me-dije-la-esperanza-es-lo-ultimo-que-se-transa-canta-ana-tijoux","status":"publish","type":"post","link":"https:\/\/www.radiopresidenteibanez.cl\/web\/si-supieras-cuando-perdi-la-confianza-y-me-dije-la-esperanza-es-lo-ultimo-que-se-transa-canta-ana-tijoux\/","title":{"rendered":".Si supieras cuando perd\u00ed la confianza y me dije la esperanza es lo \u00faltimo que se transa..\u00bb canta Ana Tijoux"},"content":{"rendered":"\n<p>&nbsp;Hace muchos a\u00f1os me hicieron una pregunta respecto de Cuba, pregunta que se volvi\u00f3 a repetir por lo que sucede hoy en Venezuela.<br>No obstante y para dejar claras algunas cuestiones, vamos a reiterar lo que hemos expuesto en la radio respecto del proceso electoral que se vivi\u00f3 hace algunos d\u00edas en ese pa\u00eds.<br>El gobierno y la oposici\u00f3n concordaron en actuar de acuerdo al mecanismo electoral establecido en la constituci\u00f3n y cautelado por un ente aut\u00f3nomo (pese a esto se insiste en hablar de una dictadura)<br>Lo anterior implica que luego del proceso debieron entregarse las actas respectivas que validaron dichos resultados y, por la razones que sea, hasta ahora tal cosa no ha sucedido.<br>Se entregaron resultados pero no actas que certifiquen.<br>M\u00e1s all\u00e1 de toda consideraci\u00f3n, una falla garrafal del sistema venezolano, que da p\u00e1bulo a todas las afirmaciones en contrario que se han emitido, m\u00e1s all\u00e1 de la calidad moral de quienes hacen las acusaciones y los objetivos que puedan perseguir con ellas.<\/p>\n\n\n\n<p>2.- La pregunta de que hablamos apunta a saber qu\u00e9 pensamos de los sistemas que ambos pa\u00edses practican y son calificados como dictaduras.<br>Digamos al respecto que nosotros tenemos bastante claro que es vivir en dictadura y c\u00f3mo combatirla.<br>Y es que cuando los pueblos est\u00e1n hartos y mayoritariamente agotados del sistema que les gobierna, tienen el derecho a reaccionar y rebelarse y ser\u00e1 esa fuerza arrolladora del pueblo la que terminar\u00e1 con aquello que les lesiona y castiga.<br>En Cuba y Venezuela han habido protestas y reclamos y se difunden profusamente, no obstante muy pocos son los que dan a conocer las razones de porque esos pa\u00edses tienen carencias y limitaciones de todo tipo. Si los gobiernos ah\u00ed se mantienen es porque los pueblos deben creer en ellos. Si el miedo y el descontento fuera mayoritario la sola paralizaci\u00f3n popular habr\u00eda terminado con esos reg\u00edmenes. Nosotros lo vivimos y no debemos olvidarlo, sobre todo cuando los m\u00e1s cr\u00edticos y rigurosos con Venezuela, resultan ser de trigos no muy limpios o por distintos intereses asumieron otras posiciones.<\/p>\n","protected":false},"excerpt":{"rendered":"<p>&nbsp;Hace muchos a\u00f1os me hicieron una pregunta respecto de Cuba, pregunta que se volvi\u00f3 a repetir por lo que sucede hoy en Venezuela.No obstante y para dejar claras algunas cuestiones,&#8230; <a class=\"read-more\" href=\"https:\/\/www.radiopresidenteibanez.cl\/web\/si-supieras-cuando-perdi-la-confianza-y-me-dije-la-esperanza-es-lo-ultimo-que-se-transa-canta-ana-tijoux\/\">Leer m\u00e1s<\/a><\/p>\n","protected":false},"author":2,"featured_media":50449,"comment_status":"closed","ping_status":"closed","sticky":false,"template":"","format":"standard","meta":{"footnotes":""},"categories":[1],"tags":[],"class_list":["post-50448","post","type-post","status-publish","format-standard","has-post-thumbnail","hentry","category-cronica"],"_links":{"self":[{"href":"https:\/\/www.radiopresidenteibanez.cl\/web\/wp-json\/wp\/v2\/posts\/50448","targetHints":{"allow":["GET"]}}],"collection":[{"href":"https:\/\/www.radiopresidenteibanez.cl\/web\/wp-json\/wp\/v2\/posts"}],"about":[{"href":"https:\/\/www.radiopresidenteibanez.cl\/web\/wp-json\/wp\/v2\/types\/post"}],"author":[{"embeddable":true,"href":"https:\/\/www.radiopresidenteibanez.cl\/web\/wp-json\/wp\/v2\/users\/2"}],"replies":[{"embeddable":true,"href":"https:\/\/www.radiopresidenteibanez.cl\/web\/wp-json\/wp\/v2\/comments?post=50448"}],"version-history":[{"count":0,"href":"https:\/\/www.radiopresidenteibanez.cl\/web\/wp-json\/wp\/v2\/posts\/50448\/revisions"}],"wp:featuredmedia":[{"embeddable":true,"href":"https:\/\/www.radiopresidenteibanez.cl\/web\/wp-json\/wp\/v2\/media\/50449"}],"wp:attachment":[{"href":"https:\/\/www.radiopresidenteibanez.cl\/web\/wp-json\/wp\/v2\/media?parent=50448"}],"wp:term":[{"taxonomy":"category","embeddable":true,"href":"https:\/\/www.radiopresidenteibanez.cl\/web\/wp-json\/wp\/v2\/categories?post=50448"},{"taxonomy":"post_tag","embeddable":true,"href":"https:\/\/www.radiopresidenteibanez.cl\/web\/wp-json\/wp\/v2\/tags?post=50448"}],"curies":[{"name":"wp","href":"https:\/\/api.w.org\/{rel}","templated":true}]}}