{"id":5044,"date":"2019-06-14T18:45:13","date_gmt":"2019-06-14T18:45:13","guid":{"rendered":"http:\/\/www.radiopresidenteibanez.cl\/web\/?p=5044"},"modified":"2019-06-14T18:45:34","modified_gmt":"2019-06-14T18:45:34","slug":"consejeros-regionales-ofician-a-seremis-municipio-y-unidades-tecnicas-solicitando-informacion-y-evidenciando-problemas-que-afectan-a-la-comunidad-en-magallanes","status":"publish","type":"post","link":"https:\/\/www.radiopresidenteibanez.cl\/web\/consejeros-regionales-ofician-a-seremis-municipio-y-unidades-tecnicas-solicitando-informacion-y-evidenciando-problemas-que-afectan-a-la-comunidad-en-magallanes\/","title":{"rendered":"CONSEJEROS REGIONALES OFICIAN A SEREMIS, MUNICIPIO Y UNIDADES T\u00c9CNICAS SOLICITANDO INFORMACI\u00d3N Y EVIDENCIANDO PROBLEMAS QUE AFECTAN A LA COMUNIDAD EN MAGALLANES"},"content":{"rendered":"\n<p>En la\nSesi\u00f3n Plenaria N\u00b015 efectuada este lunes en Rio Verde, los Consejeros\nRegionales solicitaron oficiar a seremis, municipio y organismos p\u00fablicos\nrequiriendo informaci\u00f3n acerca del estado de proyectos y posibles soluciones a\nproblemas que afectan y preocupan a la comunidad.<\/p>\n\n\n\n<p>En la\noportunidad el consejero, Antonio Bradasic, luego de participar en una\nactividad convocada por la Junta de Vecinos N\u00famero 51 \u201cVilla Vista del Estrecho\u201d,\nrequiri\u00f3 oficiar en primer t\u00e9rmino al seremi de Transporte, Marco Mella \u201ca fin\nde dicho sector sea considerado en el recorrido de los buses del transporte p\u00fablico\nya que los vecinos, en su mayor\u00eda adultos mayores, no tienen movilizaci\u00f3n y son\n210 viviendas que est\u00e1n pr\u00e1cticamente aisladas\u201d. &nbsp;&nbsp;Tambi\u00e9n\nsolicit\u00f3 oficiar al seremi de Vivienda, Jose Miguel Horcos, notificando que \u201clas\ncasas fueron entregadas hace no m\u00e1s de tres a\u00f1os y seis de ellas se inundan\nfrecuentemente por otro lado entre la c\u00e1rcel y los patios existe un pasillo de aproximadamente\nocho metros que se ha transformado en un peligro ya que se re\u00fanen j\u00f3venes a\ningerir alcohol y circulan animales\u201d, detall\u00f3 Bradasic. <\/p>\n\n\n\n<p>En\notro tema, el consejero Emilio Boccazzi, pidi\u00f3 oficiar al seremi de Obras P\u00fablicas,\nPablo Rendoll, con el objetivo de conocer la planificaci\u00f3n proyectada para la\nreposici\u00f3n del puente R\u00edo Grande en la comuna de R\u00edo Verde.<\/p>\n\n\n\n<p>Por su\nparte la consejera, Roxana Gallardo, solicit\u00f3 enviar un oficio al municipio de\nPunta Arenas, a fin de obtener informaci\u00f3n acerca del proceso de remate de\npostes del alumbrado p\u00fablico \u201chay pasajes como Jos\u00e9 Card\u00edn y otros que todav\u00eda no\ntienen luz y por m\u00e1s de 20 a\u00f1os la explicaci\u00f3n ha sido que los postes\npertenecen al municipio y la empresa Edelmag no los puede electrificar, se\nestaba haciendo un catastro el a\u00f1o pasado para saber cu\u00e1ntos postes hab\u00eda en\nestas condiciones y rematarlos porque no se pueden ceder gratuitamente hacia\nuna empresa privada\u201d, explic\u00f3. <\/p>\n\n\n\n<p>M\u00e1s\nadelante el consejero, Marcelo Garrido, ofici\u00f3 al Servicio de Salud de\nMagallanes con el objetivo de solicitar que un pediatra efect\u00fae rondas m\u00e1s\nfrecuentes en Puerto Williams. Asimismo el consejero, Rodolfo Moncada, requiri\u00f3\noficiar tanto a Inia Kampenaike como a las Unidades T\u00e9cnicas del Gobierno Regional\ndemandando informaci\u00f3n respecto a la segunda etapa del proyecto Transferencia Tecnol\u00f3gica\npara potenciar la producci\u00f3n de papas Magallanes \u201cfue aprobado en diciembre del\n2018 y hasta este minuto se est\u00e1 perdiendo una temporada porque hay una serie\nde demoras y burocracia\u201d, afirm\u00f3. <\/p>\n\n\n\n<p>Finalmente el consejero, Manuel Lonc\u00f3n pidi\u00f3 dos documentos, el primero dirigido al municipio de Porvenir para conocer la situaci\u00f3n del vertedero \u201cel tratamiento de residuos industriales y los posibles da\u00f1os a la salud de la poblaci\u00f3n\u201d y el segundo a Sernapesca a fin de que este organismo informe respecto al n\u00famero de concesiones acu\u00edcolas que tienen la empresa Novaustral tanto Porvenir como en la regi\u00f3n.<\/p>\n\n\n\n<figure class=\"wp-block-image\"><img loading=\"lazy\" decoding=\"async\" width=\"900\" height=\"600\" src=\"https:\/\/www.radiopresidenteibanez.cl\/web\/wp-content\/uploads\/2019\/06\/2-3.jpg\" alt=\"\" class=\"wp-image-5045\" srcset=\"https:\/\/www.radiopresidenteibanez.cl\/web\/wp-content\/uploads\/2019\/06\/2-3.jpg 900w, https:\/\/www.radiopresidenteibanez.cl\/web\/wp-content\/uploads\/2019\/06\/2-3-300x200.jpg 300w, https:\/\/www.radiopresidenteibanez.cl\/web\/wp-content\/uploads\/2019\/06\/2-3-768x512.jpg 768w\" sizes=\"auto, (max-width: 900px) 100vw, 900px\" \/><\/figure>\n","protected":false},"excerpt":{"rendered":"<p>En la Sesi\u00f3n Plenaria N\u00b015 efectuada este lunes en Rio Verde, los Consejeros Regionales solicitaron oficiar a seremis, municipio y organismos p\u00fablicos requiriendo informaci\u00f3n acerca del estado de proyectos y&#8230; <a class=\"read-more\" href=\"https:\/\/www.radiopresidenteibanez.cl\/web\/consejeros-regionales-ofician-a-seremis-municipio-y-unidades-tecnicas-solicitando-informacion-y-evidenciando-problemas-que-afectan-a-la-comunidad-en-magallanes\/\">Leer m\u00e1s<\/a><\/p>\n","protected":false},"author":2,"featured_media":5045,"comment_status":"closed","ping_status":"closed","sticky":false,"template":"","format":"standard","meta":{"footnotes":""},"categories":[1],"tags":[],"class_list":["post-5044","post","type-post","status-publish","format-standard","has-post-thumbnail","hentry","category-cronica"],"_links":{"self":[{"href":"https:\/\/www.radiopresidenteibanez.cl\/web\/wp-json\/wp\/v2\/posts\/5044","targetHints":{"allow":["GET"]}}],"collection":[{"href":"https:\/\/www.radiopresidenteibanez.cl\/web\/wp-json\/wp\/v2\/posts"}],"about":[{"href":"https:\/\/www.radiopresidenteibanez.cl\/web\/wp-json\/wp\/v2\/types\/post"}],"author":[{"embeddable":true,"href":"https:\/\/www.radiopresidenteibanez.cl\/web\/wp-json\/wp\/v2\/users\/2"}],"replies":[{"embeddable":true,"href":"https:\/\/www.radiopresidenteibanez.cl\/web\/wp-json\/wp\/v2\/comments?post=5044"}],"version-history":[{"count":0,"href":"https:\/\/www.radiopresidenteibanez.cl\/web\/wp-json\/wp\/v2\/posts\/5044\/revisions"}],"wp:featuredmedia":[{"embeddable":true,"href":"https:\/\/www.radiopresidenteibanez.cl\/web\/wp-json\/wp\/v2\/media\/5045"}],"wp:attachment":[{"href":"https:\/\/www.radiopresidenteibanez.cl\/web\/wp-json\/wp\/v2\/media?parent=5044"}],"wp:term":[{"taxonomy":"category","embeddable":true,"href":"https:\/\/www.radiopresidenteibanez.cl\/web\/wp-json\/wp\/v2\/categories?post=5044"},{"taxonomy":"post_tag","embeddable":true,"href":"https:\/\/www.radiopresidenteibanez.cl\/web\/wp-json\/wp\/v2\/tags?post=5044"}],"curies":[{"name":"wp","href":"https:\/\/api.w.org\/{rel}","templated":true}]}}