{"id":50432,"date":"2024-08-07T18:08:00","date_gmt":"2024-08-07T21:08:00","guid":{"rendered":"https:\/\/www.radiopresidenteibanez.cl\/web\/?p=50432"},"modified":"2024-08-07T12:19:12","modified_gmt":"2024-08-07T15:19:12","slug":"mop-iniciara-obra-anhelada-extension-de-avenida-ultima-esperanza","status":"publish","type":"post","link":"https:\/\/www.radiopresidenteibanez.cl\/web\/mop-iniciara-obra-anhelada-extension-de-avenida-ultima-esperanza\/","title":{"rendered":"MOP INICIARA OBRA ANHELADA EXTENSION DE AVENIDA ULTIMA ESPERANZA"},"content":{"rendered":"\n<p>Un anhelado anuncio realizaron este martes 6 de agosto en Puerto Natales las<br>autoridades del Gobierno del Presidente Gabriel Boric, encabezadas por el<br>Delegado Presidencial Regional Jos\u00e9 Ruiz y el Seremi de Obras P\u00fablicas Jos\u00e9 Luis<br>Hern\u00e1ndez, al informar que en octubre se iniciar\u00e1 la construcci\u00f3n de la extensi\u00f3n<br>de la Avenida \u00daltima Esperanza a fin de poder concretar este hist\u00f3rico sue\u00f1o de la<br>comunidad Natalina.<br>El Ministerio de Obras P\u00fablicas, a trav\u00e9s de la Direcci\u00f3n de Vialidad realiz\u00f3 la<br>adjudicaci\u00f3n de la obra a la empresa Famco, con una inversi\u00f3n sectorial de<br>$7.540.127.558, estim\u00e1ndose para septiembre la entrega de terrenos para el<br>posterior inicio de la ejecuci\u00f3n que considerar\u00e1 el mejoramiento desde la Ruta 9<br>hasta el tramo de la Av. Ultima Esperanza con la calle Rub\u00e9n Dar\u00edo, en una longitud<br>de 1,3 km aproximadamente.<br>\u201cSabemos que es un largo anhelo para la comunidad de Puerto Natales, el<br>mejoramiento del acceso contempla el camino pavimentado paralelo a la actual v\u00eda<br>en la Avenida \u00daltima Esperanza, lo que ayudar\u00e1 enormemente la descongesti\u00f3n del<br>ingreso a la ciudad. Quiero valorar el esfuerzo que realiz\u00f3 la Serem\u00eda de Obras<br>P\u00fablicas y como Gobierno, porque este proyecto inicialmente contemplaba un<br>presupuesto bastante menor y finalmente se adjudic\u00f3 por $7.540.127.558,<br>habi\u00e9ndose realizado diversas gestiones en el nivel central entendi\u00e9ndose el<br>anhelo y la importancia que tiene para la comunidad este nuevo acceso\u201d, se\u00f1al\u00f3 el<br>Delegado Presidencial Regional Jos\u00e9 Ruiz.<br>Por su parte, el Seremi de Obras P\u00fablicas Jos\u00e9 Luis Hern\u00e1ndez, manifest\u00f3 que: \u201cCon<br>esta gran iniciativa, anhelada desde hace muchos a\u00f1os por los habitantes de Puerto<br>Natales, realizaremos un mejoramiento con la pavimentaci\u00f3n del acceso a la<br>ciudad, en el sector comprendido desde la intersecci\u00f3n de la Ruta 9 con el<br>empalme de la Avenida \u00daltima Esperanza, mejorando la seguridad y la conectividad<br>de las usuarias y usuarios, y dotando de una nueva alternativa de ingreso a la<br>capital de la Provincia de \u00daltima Esperanza\u201d.<br>En la actividad, participaron adem\u00e1s el Delegado Presidencial Provincial Guillermo<br>Ruiz, Vocero de Gobierno Andro Mimica, Directora Regional de Vialidad, Valeria<br>Oyarzo, representantes de la Municipalidad de Puerto Natales y concejales.<\/p>\n\n\n\n<p>\u201cEstamos muy contentos de recibir la noticia de que se haya iniciado el proceso<br>que va a llevar a ejecuci\u00f3n esta obra, muy anhelada por parte de la ciudadan\u00eda que<br>sobre todo en tiempo de invierno nos genera una serie de complicaciones, y<br>esperamos que esta obra est\u00e9 finalizada en noviembre de 2025\u201d, dijo el Delegado<br>Presidencial Provincial Guillermo Ruiz, a\u00f1adiendo que \u201cuna de las cosas que<br>coordinamos con Vialidad es que con el desarrollo de la obra el camino no se va a<br>cerrar, por lo que se mantendr\u00e1 el tr\u00e1nsito en el sector, y nos tiene muy contentos<br>que como Gobierno podamos ejecutar esta gran obra que mejorar\u00e1 la conectividad<br>y el acceso a nuestra ciudad\u201d.<br>La obra considera adem\u00e1s de la ejecuci\u00f3n en hormig\u00f3n de una calzada simple de<br>dos pistas bidireccional, mejoramiento geom\u00e9trico, obras de saneamiento,<br>se\u00f1alizaciones y seguridad vial.<\/p>\n","protected":false},"excerpt":{"rendered":"<p>Un anhelado anuncio realizaron este martes 6 de agosto en Puerto Natales lasautoridades del Gobierno del Presidente Gabriel Boric, encabezadas por elDelegado Presidencial Regional Jos\u00e9 Ruiz y el Seremi de&#8230; <a class=\"read-more\" href=\"https:\/\/www.radiopresidenteibanez.cl\/web\/mop-iniciara-obra-anhelada-extension-de-avenida-ultima-esperanza\/\">Leer m\u00e1s<\/a><\/p>\n","protected":false},"author":2,"featured_media":50433,"comment_status":"closed","ping_status":"closed","sticky":false,"template":"","format":"standard","meta":{"footnotes":""},"categories":[1],"tags":[],"class_list":["post-50432","post","type-post","status-publish","format-standard","has-post-thumbnail","hentry","category-cronica"],"_links":{"self":[{"href":"https:\/\/www.radiopresidenteibanez.cl\/web\/wp-json\/wp\/v2\/posts\/50432","targetHints":{"allow":["GET"]}}],"collection":[{"href":"https:\/\/www.radiopresidenteibanez.cl\/web\/wp-json\/wp\/v2\/posts"}],"about":[{"href":"https:\/\/www.radiopresidenteibanez.cl\/web\/wp-json\/wp\/v2\/types\/post"}],"author":[{"embeddable":true,"href":"https:\/\/www.radiopresidenteibanez.cl\/web\/wp-json\/wp\/v2\/users\/2"}],"replies":[{"embeddable":true,"href":"https:\/\/www.radiopresidenteibanez.cl\/web\/wp-json\/wp\/v2\/comments?post=50432"}],"version-history":[{"count":0,"href":"https:\/\/www.radiopresidenteibanez.cl\/web\/wp-json\/wp\/v2\/posts\/50432\/revisions"}],"wp:featuredmedia":[{"embeddable":true,"href":"https:\/\/www.radiopresidenteibanez.cl\/web\/wp-json\/wp\/v2\/media\/50433"}],"wp:attachment":[{"href":"https:\/\/www.radiopresidenteibanez.cl\/web\/wp-json\/wp\/v2\/media?parent=50432"}],"wp:term":[{"taxonomy":"category","embeddable":true,"href":"https:\/\/www.radiopresidenteibanez.cl\/web\/wp-json\/wp\/v2\/categories?post=50432"},{"taxonomy":"post_tag","embeddable":true,"href":"https:\/\/www.radiopresidenteibanez.cl\/web\/wp-json\/wp\/v2\/tags?post=50432"}],"curies":[{"name":"wp","href":"https:\/\/api.w.org\/{rel}","templated":true}]}}