{"id":50429,"date":"2024-08-07T16:55:00","date_gmt":"2024-08-07T19:55:00","guid":{"rendered":"https:\/\/www.radiopresidenteibanez.cl\/web\/?p=50429"},"modified":"2024-08-07T11:45:12","modified_gmt":"2024-08-07T14:45:12","slug":"mas-de-18-crecieron-los-recursos-para-organizacionessociales-beneficiadas-por-la-seremi-de-gobierno","status":"publish","type":"post","link":"https:\/\/www.radiopresidenteibanez.cl\/web\/mas-de-18-crecieron-los-recursos-para-organizacionessociales-beneficiadas-por-la-seremi-de-gobierno\/","title":{"rendered":"MAS DE 18% CRECIERON LOS RECURSOS PARA ORGANIZACIONESSOCIALES BENEFICIADAS POR LA SEREMI DE GOBIERNO"},"content":{"rendered":"\n<p>Este a\u00f1o, en Magallanes, fueron adjudicados 26 proyectos locales, un proyecto<br>regional y cuatro proyectos de la l\u00ednea Ni\u00f1ez.<br>\u201cFinalmente todos so\u00f1amos con un pa\u00eds m\u00e1s, y cuando el estado incluye a la<br>sociedad civil y a las organizaciones sociales, entregan mucho m\u00e1s poder a la<br>ciudadan\u00eda. De esta manera con la fuerza de nuestras ideas podemos<br>transformar las realidades locales\u201d, as\u00ed, Luis Navarro, director de la Fundaci\u00f3n<br>Legos Patagonia, expres\u00f3 su parecer frente a la implementaci\u00f3n de los Fondos<br>de Inter\u00e9s P\u00fablico de la Secretar\u00eda Regional Ministerial de Gobierno.<br>En una ceremonia, donde asistieron los representantes de las diversas<br>organizaciones sociales, autoridades de Gobierno y comunales, se entreg\u00f3 el<br>convenio de ejecuci\u00f3n que da inicio a un proceso donde las diversas<br>agrupaciones logran concretar sus ideas.<br>El Delegado Presidencial, Jos\u00e9 Ruiz, destac\u00f3: \u201cEstamos felices por la amplia<br>participaci\u00f3n de las organizaciones sociales de distintas \u00edndole, Juntas de<br>Vecinos, clubes deportivos y otras, que lo que buscan es fortalecer o<br>implementar iniciativas que no solamente se pueden hacer desde el Gobierno,<br>sino tambi\u00e9n desde estas organizaciones. Lo m\u00e1s importante de destacar es<br>que cuando las pol\u00edticas p\u00fablicas se hacen en conjunto con las personas de las<br>organizaciones son mejores pol\u00edticas p\u00fablicas, y prueba de ello son estos<br>recursos que se destinan, y que hay que resaltar son 18% m\u00e1s que el a\u00f1o<br>pasado\u201d.<br>En su intervenci\u00f3n durante la ceremonia, el seremi de Gobierno, Andro Mimica,<br>destac\u00f3 esta idea del Delegado Presidencial, sobre la plena consciencia que<br>tiene el Gobierno frente a la complejidad que es hacer tejido social, por ello, la<br>constante voluntad por apoyar lo que m\u00e1s se pueda.<br>\u201cEstamos muy contentos porque son 31 organizaciones a nivel regional que se<br>han adjudicado este fondo en tres l\u00edneas distintas, uno son los fondos locales,<br>otro los regionales y ahora tambi\u00e9n se suma por primera vez, un fondo extra<br>con un acuerdo con la Subsecretaria de la Ni\u00f1ez, que son los fondos para las<br>ni\u00f1eces. Adem\u00e1s, hemos hecho un tremendo esfuerzo, tal como lo hicimos el<br>a\u00f1o 2023 de llegar a todas las provincias. Este es el segundo a\u00f1o consecutivo<br>que vamos a entregar los fondos de manera descentralizada, con un aumento<\/p>\n\n\n\n<p>de un 18%, con m\u00e1s de $62 millones de pesos, que se van a poner a<br>disposici\u00f3n de las distintas organizaciones territoriales\u201d, sostuvo el vocero.<br>En los seguimientos de los proyectos, se puede visualizar el verdadero impacto<br>que estos generan en los integrantes de cada organizaci\u00f3n. Algunas veces el<br>objetivo principal planteado se convierte en un bien secundario, frente al<br>beneficio social y emocional que se logra.<br>Legos Patagonia, es una organizaci\u00f3n social, territorial, que ha trabajado en<br>acompa\u00f1ar a las ni\u00f1eces con neurodiversidad, desde metodolog\u00edas de juego<br>como es la legoterapia y la rob\u00f3tica educativa.<br>El primer proyecto Ffoip adjudicado por esta organizaci\u00f3n fue el a\u00f1o pasado,<br>en la l\u00ednea local, con \u201cLaboratorio del Futuro\u201d, que se tradujo en la<br>implementaci\u00f3n de un espacio para poder recibir a las familias y las ni\u00f1eces<br>con las cuales trabajan. Este a\u00f1o quisieron darle una continuidad, esta vez<br>apuntando a un nivel regional, expandi\u00e9ndose a Natales, donde capacitar\u00e1n a<br>15 profesionales del \u00e1rea de la educaci\u00f3n y de la salud, para que puedan<br>capacitarse en metodolog\u00edas de juego, y puedan implementar este trabajo en<br>sus diferentes contextos, favoreciendo los distintos diagn\u00f3sticos desde una<br>visi\u00f3n mucho m\u00e1s integral y respetuosa.<br>Las organizaciones adjudicadas pertenecen a las 4 provincias de la regi\u00f3n de<br>Magallanes, ratificando el compromiso de territorialidad y de llegar a las<br>localidades m\u00e1s alejadas del territorio nacional como lo son: Puerto Williams y<br>Puerto Ed\u00e9n. Este a\u00f1o se espera beneficiar a casi 500 personas a trav\u00e9s de la<br>ejecuci\u00f3n de estos proyectos.<\/p>\n","protected":false},"excerpt":{"rendered":"<p>Este a\u00f1o, en Magallanes, fueron adjudicados 26 proyectos locales, un proyectoregional y cuatro proyectos de la l\u00ednea Ni\u00f1ez.\u201cFinalmente todos so\u00f1amos con un pa\u00eds m\u00e1s, y cuando el estado incluye a&#8230; <a class=\"read-more\" href=\"https:\/\/www.radiopresidenteibanez.cl\/web\/mas-de-18-crecieron-los-recursos-para-organizacionessociales-beneficiadas-por-la-seremi-de-gobierno\/\">Leer m\u00e1s<\/a><\/p>\n","protected":false},"author":2,"featured_media":50430,"comment_status":"closed","ping_status":"closed","sticky":false,"template":"","format":"standard","meta":{"footnotes":""},"categories":[1],"tags":[],"class_list":["post-50429","post","type-post","status-publish","format-standard","has-post-thumbnail","hentry","category-cronica"],"_links":{"self":[{"href":"https:\/\/www.radiopresidenteibanez.cl\/web\/wp-json\/wp\/v2\/posts\/50429","targetHints":{"allow":["GET"]}}],"collection":[{"href":"https:\/\/www.radiopresidenteibanez.cl\/web\/wp-json\/wp\/v2\/posts"}],"about":[{"href":"https:\/\/www.radiopresidenteibanez.cl\/web\/wp-json\/wp\/v2\/types\/post"}],"author":[{"embeddable":true,"href":"https:\/\/www.radiopresidenteibanez.cl\/web\/wp-json\/wp\/v2\/users\/2"}],"replies":[{"embeddable":true,"href":"https:\/\/www.radiopresidenteibanez.cl\/web\/wp-json\/wp\/v2\/comments?post=50429"}],"version-history":[{"count":0,"href":"https:\/\/www.radiopresidenteibanez.cl\/web\/wp-json\/wp\/v2\/posts\/50429\/revisions"}],"wp:featuredmedia":[{"embeddable":true,"href":"https:\/\/www.radiopresidenteibanez.cl\/web\/wp-json\/wp\/v2\/media\/50430"}],"wp:attachment":[{"href":"https:\/\/www.radiopresidenteibanez.cl\/web\/wp-json\/wp\/v2\/media?parent=50429"}],"wp:term":[{"taxonomy":"category","embeddable":true,"href":"https:\/\/www.radiopresidenteibanez.cl\/web\/wp-json\/wp\/v2\/categories?post=50429"},{"taxonomy":"post_tag","embeddable":true,"href":"https:\/\/www.radiopresidenteibanez.cl\/web\/wp-json\/wp\/v2\/tags?post=50429"}],"curies":[{"name":"wp","href":"https:\/\/api.w.org\/{rel}","templated":true}]}}