{"id":50426,"date":"2024-08-07T15:37:00","date_gmt":"2024-08-07T18:37:00","guid":{"rendered":"https:\/\/www.radiopresidenteibanez.cl\/web\/?p=50426"},"modified":"2024-08-07T11:40:55","modified_gmt":"2024-08-07T14:40:55","slug":"conaf-termina-contrato-con-ticket-pro-a-pocos-dias-del-inicio-de-la-temporada-2024-2025","status":"publish","type":"post","link":"https:\/\/www.radiopresidenteibanez.cl\/web\/conaf-termina-contrato-con-ticket-pro-a-pocos-dias-del-inicio-de-la-temporada-2024-2025\/","title":{"rendered":"CONAF TERMINA CONTRATO CON TICKET PRO A POCOS DIAS DEL INICIO DE LA TEMPORADA 2024-2025"},"content":{"rendered":"\n<p>Los gremios del turismo de la regi\u00f3n de Magallanes y la Ant\u00e1rtica Chilena manifestaron su profunda preocupaci\u00f3n tras la decisi\u00f3n de la Corporaci\u00f3n Nacional Forestal, CONAF, de terminar anticipadamente el contrato con Ticket Pro, el que operar\u00e1 solo hasta el 11 de agosto de 2024, debido a un incumplimiento de contrato.<br>La gerente de la Asociaci\u00f3n de Hoteles y Servicios Tur\u00edsticos de Torres del Paine, HYST,<br>Sara Adema Yusta expres\u00f3 que \u201ca menos de un mes de que comience la temporada nos<br>quedaremos nuevamente sin sistemas de entradas. En la \u00faltima cuenta p\u00fablica de CONAF<br>a nivel nacional, se menciona a Pases Parques como una de las acciones ic\u00f3nicas de la<br>gesti\u00f3n 2023\/2024 y el proveedor no alcanz\u00f3 a estar 9 meses. Hay que sacar conclusiones.<br>Desde que supimos de esta licitaci\u00f3n, indicamos que el proceso fue acelerado y se resolvi\u00f3<br>de forma poco clara. Ahora el tiempo solo nos da la raz\u00f3n: cambios de gerente a nivel<br>nacional, gente inexperta guiando este proceso y una licitaci\u00f3n acelerada solo dan como<br>resultado este tipo de resoluciones, que confirman lo que siempre planteamos. Y<br>nuevamente, los perjudicados solo ser\u00e1n las empresas del sector y los turistas\u201d.<br>\u201cLamentablemente, nos vemos enfrentados nuevamente a un mal manejo comunicacional<br>de la CONAF. No bast\u00f3 con la filtraci\u00f3n del video preparado por un funcionario, en donde<br>se anunciaba el posible cierre de un circuito en el Parque Nacional Torres del Paine. Ahora<br>se filtra una informaci\u00f3n tan importante y relevante como la notificaci\u00f3n a la empresa<br>Ticket Pro S.A., quien est\u00e1 a cargo del sistema de administraci\u00f3n y venta de entradas para<br>el sistema de \u00e1reas protegidas, el cobro de multas por incumplimiento de contrato y<br>adem\u00e1s el t\u00e9rmino de este, dando fecha de t\u00e9rmino el pr\u00f3ximo 11 de agosto de 2024.<br>Claramente, esto provocar\u00e1 un gran problema para nuestro inicio de temporada, ya que<br>comenzar a implementar un nuevo sistema no es f\u00e1cil y lleva tiempo manejarlo. Como<br>sector, solicitamos un pronunciamiento oficial por parte de la Corporaci\u00f3n, en donde<br>adem\u00e1s se incluya la manera en que se implementar\u00e1n estos nuevos cambios en plena<br>temporada alta\u201d, coment\u00f3 Claudia Torres G\u00f3mez-Garfias, gerente de Austro Chile AG.<br>Finalmente, Adriana Aguilar Lagos, gerente de la C\u00e1mara de Turismo de \u00daltima Esperanza,<br>se\u00f1al\u00f3 que \u201cel sector turismo enfrentar\u00e1 un inicio de temporada complejo debido a las<br>consecuencias negativas del cambio a una nueva plataforma para adquirir los ingresos a<br>las \u00c1reas Silvestres Protegidas, ASP, lo que afectar\u00e1 la operaci\u00f3n y la imagen del destino.<br>El Ministerio de Agricultura debe hacerse cargo de las consecuencias que han generado<br>para el sector turismo por las p\u00e9simas decisiones que han tomado en el \u00faltimo a\u00f1o.<br>Esperamos que en el dise\u00f1o de la nueva plataforma nos hagan part\u00edcipes como gremios<br>para aportar con la experiencia, ya que este sistema, sin ser complejo, debe considerar<br>aspectos claves para una operaci\u00f3n eficiente que responda a las necesidades del visitante<br>y de los operadores de turismo\u201d, puntualizo.<\/p>\n","protected":false},"excerpt":{"rendered":"<p>Los gremios del turismo de la regi\u00f3n de Magallanes y la Ant\u00e1rtica Chilena manifestaron su profunda preocupaci\u00f3n tras la decisi\u00f3n de la Corporaci\u00f3n Nacional Forestal, CONAF, de terminar anticipadamente el&#8230; <a class=\"read-more\" href=\"https:\/\/www.radiopresidenteibanez.cl\/web\/conaf-termina-contrato-con-ticket-pro-a-pocos-dias-del-inicio-de-la-temporada-2024-2025\/\">Leer m\u00e1s<\/a><\/p>\n","protected":false},"author":2,"featured_media":50427,"comment_status":"closed","ping_status":"closed","sticky":false,"template":"","format":"standard","meta":{"footnotes":""},"categories":[1],"tags":[],"class_list":["post-50426","post","type-post","status-publish","format-standard","has-post-thumbnail","hentry","category-cronica"],"_links":{"self":[{"href":"https:\/\/www.radiopresidenteibanez.cl\/web\/wp-json\/wp\/v2\/posts\/50426","targetHints":{"allow":["GET"]}}],"collection":[{"href":"https:\/\/www.radiopresidenteibanez.cl\/web\/wp-json\/wp\/v2\/posts"}],"about":[{"href":"https:\/\/www.radiopresidenteibanez.cl\/web\/wp-json\/wp\/v2\/types\/post"}],"author":[{"embeddable":true,"href":"https:\/\/www.radiopresidenteibanez.cl\/web\/wp-json\/wp\/v2\/users\/2"}],"replies":[{"embeddable":true,"href":"https:\/\/www.radiopresidenteibanez.cl\/web\/wp-json\/wp\/v2\/comments?post=50426"}],"version-history":[{"count":0,"href":"https:\/\/www.radiopresidenteibanez.cl\/web\/wp-json\/wp\/v2\/posts\/50426\/revisions"}],"wp:featuredmedia":[{"embeddable":true,"href":"https:\/\/www.radiopresidenteibanez.cl\/web\/wp-json\/wp\/v2\/media\/50427"}],"wp:attachment":[{"href":"https:\/\/www.radiopresidenteibanez.cl\/web\/wp-json\/wp\/v2\/media?parent=50426"}],"wp:term":[{"taxonomy":"category","embeddable":true,"href":"https:\/\/www.radiopresidenteibanez.cl\/web\/wp-json\/wp\/v2\/categories?post=50426"},{"taxonomy":"post_tag","embeddable":true,"href":"https:\/\/www.radiopresidenteibanez.cl\/web\/wp-json\/wp\/v2\/tags?post=50426"}],"curies":[{"name":"wp","href":"https:\/\/api.w.org\/{rel}","templated":true}]}}