{"id":50423,"date":"2024-08-07T14:15:00","date_gmt":"2024-08-07T17:15:00","guid":{"rendered":"https:\/\/www.radiopresidenteibanez.cl\/web\/?p=50423"},"modified":"2024-08-07T11:25:18","modified_gmt":"2024-08-07T14:25:18","slug":"fue-presentada-la-agenda-regional-del-plan-de-accion-de-senda-para-prevencion-del-consumo-de-drogas","status":"publish","type":"post","link":"https:\/\/www.radiopresidenteibanez.cl\/web\/fue-presentada-la-agenda-regional-del-plan-de-accion-de-senda-para-prevencion-del-consumo-de-drogas\/","title":{"rendered":"FUE PRESENTADA LA AGENDA REGIONAL DEL PLAN DE ACCION DE SENDA PARA PREVENCION DEL CONSUMO DE DROGAS"},"content":{"rendered":"\n<p>Liderada por el delegado presidencial, Jos\u00e9 Ruiz Pivcevic, hoy se realiz\u00f3 la segunda sesi\u00f3n del Comit\u00e9 Directivo para la presentaci\u00f3n de la Agenda regional 2024-2030 de la Estrategia<br>Nacional de Drogas.<br>El documento est\u00e1 basado en ocho objetivos estrat\u00e9gicos, 42 medidas intersectoriales y 123 acciones prioritarias, que tambi\u00e9n apuntan a abordar las consecuencias sociales y sanitarias del fen\u00f3meno, haci\u00e9ndose cargo de las desigualdades que genera el uso de sustancias en las poblaciones con mayores niveles de vulnerabilidad.<br>Esta agenda contiene acciones asociadas a los objetivos generales del Plan de Acci\u00f3n y ha sido trabajada por un Comit\u00e9 T\u00e9cnico con representantes de instituciones p\u00fablicas y privadas y considera las metas a cumplir, con sus correspondientes responsabilidades y co-responsabilidades.<br>El Delegado Presidencial Regional, Jos\u00e9 Ruiz Pivcevic, manifest\u00f3 que \u201cesta es una agenda fuerte, que tiene metas claras y apunta hacia una labor intersectorial efectiva, con acciones que contribuyan a fortalecer la prevenci\u00f3n y el control de los factores de riesgo. Como en todas las acciones de Gobierno, el trabajo coordinado es fundamental y esto se traduce en un paquete de varias medidas que responden a compromisos ministeriales, que apuntan, precisamente, al fortalecimiento de factores protectores, con el objetivo de disminuir las posibilidades de consumos problem\u00e1ticos\u201d.<br>En la misma l\u00ednea, la Directora regional de Senda, Lorena Guala, se\u00f1al\u00f3 que \u201ca trav\u00e9s del Comit\u00e9 Regional para la prevenci\u00f3n de tratamiento, rehabilitaci\u00f3n social del consumo de alcohol y otras drogas, presentamos a toda nuestra comunidad la Agenda regional, con compromiso y acciones que abordan el fen\u00f3meno de las drogas desde una mirada multisectorial, coordinando los esfuerzos del estado, sector privado y sociedad civil\u201d.<br>El Plan de Acci\u00f3n 2024-2030 se centra en reducir la prevalencia del consumo de drogas y abordar sus causas y consecuencias sociales y sanitarias. Algunos de los objetivos clave y las medidas asociadas, son Potenciar el Sistema Integral de Prevenci\u00f3n, Consolidar la Red Nacional de Tratamiento, Fortalecer la Red de Integraci\u00f3n Social, Estrategias de Trabajo Comunitario Barrial, Abordar los Nuevos Fen\u00f3menos de Drogas, DesarrollarEstrategias de Trabajo Comunitario Barrial, Aumentar el Conocimiento y Sensibilizaci\u00f3n.<\/p>\n\n\n\n<p>Comit\u00e9 Regional para la Prevenci\u00f3n y Rehabilitaci\u00f3n de consumo de Alcohol y Drogas Liderar desde su sector el dise\u00f1o, implementaci\u00f3n y seguimiento de una Agenda de trabajo para la<br>implementaci\u00f3n del Plan de Acci\u00f3n 2024 \u2013 2030 de la Estrategia Nacional de Drogas (END).<\/p>\n\n\n\n<p>Fortalecer los diagn\u00f3sticos t\u00e9cnicos y sectoriales aportando datos que fundamenten el car\u00e1cter<br>multisectorial de la Estrategia Nacional de Drogas, generando propuestas sectoriales que faciliten la implementaci\u00f3n conjunta de las medidas de la Agenda.<br>Identificar fuentes de financiamiento y gestionar recursos necesarios que permitan llevar a cabo la Agenda de medidas regionales.<br>Planificar e implementar de manera conjunta campa\u00f1as de sensibilizaci\u00f3n y educaci\u00f3n en materias<br>relacionadas con Prevenci\u00f3n, Tratamiento e Integraci\u00f3n Social, dando soporte a la Agenda De Trabajo Regional.<br>En este sentido, se realiz\u00f3 un trabajo con cada SEREMI y Directores de Servicios correspondientes, para en conjunto, revisar las medidas nacionales y acotar las acciones en base a las necesidades y realidad regional, acordando en reuniones bilaterales una serie de compromisos que se reflejan en la Agenda Regional de Medidas Intersectoriales. Esta Agenda Regional contempla 23 medidas y 68 acciones.<\/p>\n\n\n\n<p><\/p>\n","protected":false},"excerpt":{"rendered":"<p>Liderada por el delegado presidencial, Jos\u00e9 Ruiz Pivcevic, hoy se realiz\u00f3 la segunda sesi\u00f3n del Comit\u00e9 Directivo para la presentaci\u00f3n de la Agenda regional 2024-2030 de la EstrategiaNacional de Drogas.El&#8230; <a class=\"read-more\" href=\"https:\/\/www.radiopresidenteibanez.cl\/web\/fue-presentada-la-agenda-regional-del-plan-de-accion-de-senda-para-prevencion-del-consumo-de-drogas\/\">Leer m\u00e1s<\/a><\/p>\n","protected":false},"author":2,"featured_media":50424,"comment_status":"closed","ping_status":"closed","sticky":false,"template":"","format":"standard","meta":{"footnotes":""},"categories":[1],"tags":[],"class_list":["post-50423","post","type-post","status-publish","format-standard","has-post-thumbnail","hentry","category-cronica"],"_links":{"self":[{"href":"https:\/\/www.radiopresidenteibanez.cl\/web\/wp-json\/wp\/v2\/posts\/50423","targetHints":{"allow":["GET"]}}],"collection":[{"href":"https:\/\/www.radiopresidenteibanez.cl\/web\/wp-json\/wp\/v2\/posts"}],"about":[{"href":"https:\/\/www.radiopresidenteibanez.cl\/web\/wp-json\/wp\/v2\/types\/post"}],"author":[{"embeddable":true,"href":"https:\/\/www.radiopresidenteibanez.cl\/web\/wp-json\/wp\/v2\/users\/2"}],"replies":[{"embeddable":true,"href":"https:\/\/www.radiopresidenteibanez.cl\/web\/wp-json\/wp\/v2\/comments?post=50423"}],"version-history":[{"count":0,"href":"https:\/\/www.radiopresidenteibanez.cl\/web\/wp-json\/wp\/v2\/posts\/50423\/revisions"}],"wp:featuredmedia":[{"embeddable":true,"href":"https:\/\/www.radiopresidenteibanez.cl\/web\/wp-json\/wp\/v2\/media\/50424"}],"wp:attachment":[{"href":"https:\/\/www.radiopresidenteibanez.cl\/web\/wp-json\/wp\/v2\/media?parent=50423"}],"wp:term":[{"taxonomy":"category","embeddable":true,"href":"https:\/\/www.radiopresidenteibanez.cl\/web\/wp-json\/wp\/v2\/categories?post=50423"},{"taxonomy":"post_tag","embeddable":true,"href":"https:\/\/www.radiopresidenteibanez.cl\/web\/wp-json\/wp\/v2\/tags?post=50423"}],"curies":[{"name":"wp","href":"https:\/\/api.w.org\/{rel}","templated":true}]}}