{"id":50420,"date":"2024-08-07T12:37:00","date_gmt":"2024-08-07T15:37:00","guid":{"rendered":"https:\/\/www.radiopresidenteibanez.cl\/web\/?p=50420"},"modified":"2024-08-07T11:04:13","modified_gmt":"2024-08-07T14:04:13","slug":"presentan-reclamacion-en-servel-por-aumento-de-padrones-electorales-en-comunas-rurales","status":"publish","type":"post","link":"https:\/\/www.radiopresidenteibanez.cl\/web\/presentan-reclamacion-en-servel-por-aumento-de-padrones-electorales-en-comunas-rurales\/","title":{"rendered":"PRESENTAN RECLAMACION EN SERVEL POR AUMENTO DE PADRONES ELECTORALES EN COMUNAS RURALES"},"content":{"rendered":"\n<p>Con fecha de hoy 07 de agosto de 2024 se presenta ante el Tribunal Electoral Regional<br>(TER), presidido por la Magistrado Caroline Turner, una impugnaci\u00f3n por la inscripci\u00f3n<br>indebida de una cantidad significativa de personas recientemente incorporadas en el<br>\u00faltimo mes al Padr\u00f3n Electoral de la Comuna de R\u00edo Verde.<br>Jorge Espinoza V\u00e1squez, actual concejal de la comuna y candidato a alcalde, indico:<br>\u201cExpresamos nuestra profunda preocupaci\u00f3n al descubrir que entre los nuevos<br>inscritos en el padr\u00f3n de la comuna se encuentran personas que, alarmantemente, ni<br>siquiera residen en la regi\u00f3n de Magallanes. Adem\u00e1s, hemos identificado a individuos<br>que carecen de cualquier v\u00ednculo evidente con nuestra comuna. Esta situaci\u00f3n no solo<br>plantea serias dudas sobre la legitimidad del proceso de inscripci\u00f3n, sino que tambi\u00e9n<br>constituye una grave irregularidad que debe ser abordada con urgencia.\u201d<br>\u201cEl hecho de que personas ajenas a nuestra regi\u00f3n puedan inscribirse en el padr\u00f3n<br>electoral es, en s\u00ed mismo, una violaci\u00f3n flagrante de los principios de legalidad y<br>transparencia que deber\u00edan regir estos procesos. Es inaceptable que se permita la<br>inclusi\u00f3n de individuos sin una conexi\u00f3n leg\u00edtima con la comuna, lo que podr\u00eda resultar<br>en una distorsi\u00f3n de la representatividad y un atropello a los derechos de los residentes<br>aut\u00e9nticos.\u201d<br>\u201cEsta situaci\u00f3n no puede ser ignorada ni minimizada. Es crucial que las autoridades<br>responsables investiguen a fondo estas irregularidades y tomen medidas decisivas<br>para rectificar la situaci\u00f3n. La integridad del proceso electoral y la justicia para los<br>verdaderos residentes de nuestra comuna dependen de una pronta y rigurosa respuesta<br>a estos abusos.\u201d<br>Agrego que: \u201cEs urgente y cr\u00edtico que abordemos la grave irregularidad detectada en<br>el padr\u00f3n electoral. Este patr\u00f3n sugiere posibles pr\u00e1cticas de acarreo, un delito que<br>implica inscribir a personas ajenas para manipular los resultados de las elecciones<br>municipales.\u201d<br>\u201cEstas acciones no son simples irregularidades, sino delitos que comprometen la<br>integridad del proceso electoral y distorsionan la representaci\u00f3n democr\u00e1tica. La<br>impugnaci\u00f3n de estas inscripciones fraudulentas es esencial para asegurar que solo los<br>residentes leg\u00edtimos participen en el proceso, garantizando as\u00ed que las decisiones<br>municipales beneficien a la verdadera poblaci\u00f3n de R\u00edo Verde.\u201d<br>De acuerdo con el art\u00edculo 54 de la Ley 18.556, cualquier persona que declare o actualice<br>su domicilio electoral proporcionando datos falsos o un domicilio diferente al permitido<br>por el art\u00edculo 10 de la misma ley, enfrentar\u00e1 una pena de reclusi\u00f3n menor en su grado<br>m\u00ednimo y una multa que va de diez a cien unidades tributarias mensuales (entre<br>aproximadamente $659,000 y $6,590,000). Esta disposici\u00f3n se aplica a quienes no<br>tienen un v\u00ednculo objetivo con la comuna, ya sea porque no residen, estudian o trabajan<br>en el lugar.<br>Es fundamental destacar que esta ley regula estrictamente el fen\u00f3meno del acarreo<br>electoral y establece sanciones severas para quienes lo practiquen.<br>Finalmente indico que: \u201cen respuesta a la situaci\u00f3n actual, llevaremos esta denuncia a<br>todas las instancias posibles. Presentaremos los antecedentes pertinentes ante la<br>Secretar\u00eda Regional Ministerial de Desarrollo Social para solicitar un cruce de<br>informaci\u00f3n entre la Ficha de Protecci\u00f3n Social y los domicilios actuales declarados en<br>el padr\u00f3n electoral. Esta acci\u00f3n es crucial para garantizar la integridad del proceso<br>electoral y asegurar que solo los residentes leg\u00edtimos participen en las elecciones<br>municipales.\u201d<\/p>\n","protected":false},"excerpt":{"rendered":"<p>Con fecha de hoy 07 de agosto de 2024 se presenta ante el Tribunal Electoral Regional(TER), presidido por la Magistrado Caroline Turner, una impugnaci\u00f3n por la inscripci\u00f3nindebida de una cantidad&#8230; <a class=\"read-more\" href=\"https:\/\/www.radiopresidenteibanez.cl\/web\/presentan-reclamacion-en-servel-por-aumento-de-padrones-electorales-en-comunas-rurales\/\">Leer m\u00e1s<\/a><\/p>\n","protected":false},"author":2,"featured_media":50421,"comment_status":"closed","ping_status":"closed","sticky":false,"template":"","format":"standard","meta":{"footnotes":""},"categories":[1],"tags":[],"class_list":["post-50420","post","type-post","status-publish","format-standard","has-post-thumbnail","hentry","category-cronica"],"_links":{"self":[{"href":"https:\/\/www.radiopresidenteibanez.cl\/web\/wp-json\/wp\/v2\/posts\/50420","targetHints":{"allow":["GET"]}}],"collection":[{"href":"https:\/\/www.radiopresidenteibanez.cl\/web\/wp-json\/wp\/v2\/posts"}],"about":[{"href":"https:\/\/www.radiopresidenteibanez.cl\/web\/wp-json\/wp\/v2\/types\/post"}],"author":[{"embeddable":true,"href":"https:\/\/www.radiopresidenteibanez.cl\/web\/wp-json\/wp\/v2\/users\/2"}],"replies":[{"embeddable":true,"href":"https:\/\/www.radiopresidenteibanez.cl\/web\/wp-json\/wp\/v2\/comments?post=50420"}],"version-history":[{"count":0,"href":"https:\/\/www.radiopresidenteibanez.cl\/web\/wp-json\/wp\/v2\/posts\/50420\/revisions"}],"wp:featuredmedia":[{"embeddable":true,"href":"https:\/\/www.radiopresidenteibanez.cl\/web\/wp-json\/wp\/v2\/media\/50421"}],"wp:attachment":[{"href":"https:\/\/www.radiopresidenteibanez.cl\/web\/wp-json\/wp\/v2\/media?parent=50420"}],"wp:term":[{"taxonomy":"category","embeddable":true,"href":"https:\/\/www.radiopresidenteibanez.cl\/web\/wp-json\/wp\/v2\/categories?post=50420"},{"taxonomy":"post_tag","embeddable":true,"href":"https:\/\/www.radiopresidenteibanez.cl\/web\/wp-json\/wp\/v2\/tags?post=50420"}],"curies":[{"name":"wp","href":"https:\/\/api.w.org\/{rel}","templated":true}]}}