{"id":50414,"date":"2024-08-07T10:53:00","date_gmt":"2024-08-07T13:53:00","guid":{"rendered":"https:\/\/www.radiopresidenteibanez.cl\/web\/?p=50414"},"modified":"2024-08-07T08:57:49","modified_gmt":"2024-08-07T11:57:49","slug":"fundacion-gasco-firma-convenio-de-colaboracion-con-slep-magallanes","status":"publish","type":"post","link":"https:\/\/www.radiopresidenteibanez.cl\/web\/fundacion-gasco-firma-convenio-de-colaboracion-con-slep-magallanes\/","title":{"rendered":"FUNDACION GASCO FIRMA CONVENIO DE COLABORACION CON SLEP MAGALLANES"},"content":{"rendered":"\n<p>Fundaci\u00f3n GASCO, a trav\u00e9s de su programa educativo GASCOEDUCA, firm\u00f3 un<br>convenio de colaboraci\u00f3n con el Servicio Local de Educaci\u00f3n P\u00fablica de Magallanes con<br>el fin de potenciar y apoyar las acciones educativas que impulsan ambas entidades en la<br>regi\u00f3n.<br>La alianza, que busca fortalecer la gesti\u00f3n de la educaci\u00f3n p\u00fablica en esa regi\u00f3n,<br>desarrollar\u00e1 actividades tales como charlas a estudiantes, visitas guiadas, laboratorios<br>interactivos y otras instancias formativas, con el objetivo de dar a conocer la importancia<br>del gas para la regi\u00f3n, como son sus procesos de producci\u00f3n, uso y las aplicaciones<br>futuras que podr\u00e1 tener como ser un complemento de las energ\u00edas renovables.<br>Asimismo, el acuerdo considera realizar tres ciclos de visitas a establecimientos<br>educacionales rurales de la Regi\u00f3n de Magallanes: la escuela de Puerto Harris, en isla<br>Dawson; la escuela Profesor Miguel Montecinos de Puerto Ed\u00e9n; y la escuela de Puerto<br>Toro en la isla Navarino, que tienen como prop\u00f3sito acercar el mundo de las energ\u00edas a<br>los estudiantes, a trav\u00e9s de actividades did\u00e1cticas vinculadas al curriculum nacional.<br>Karla \u00c1lvarez, Jefa de Proyectos de Educaci\u00f3n en Energ\u00eda y Patrimonio de Fundaci\u00f3n<br>Gasco se\u00f1ala que \u201cEstamos muy contentos con la firma de este convenio, ya que nos<br>permitir\u00e1 desarrollar actividades educativas relacionadas con el mundo de las energ\u00edas en<br>diferentes lugares de la regi\u00f3n de Magallanes, llevando aprendizajes significativos a los<br>estudiantes de la regi\u00f3n, principalmente a quienes se encuentran en zonas aisladas y de<br>mayor dificultad de acceso.\u201d<br>Por su parte, Mario Garc\u00eda, director ejecutivo del Servicio Local de Educaci\u00f3n P\u00fablica de<br>Magallanes se\u00f1al\u00f3 que \u201ces destacable que el sector privado genere este tipo de alianzas<br>con la educaci\u00f3n p\u00fablica y en especial en este caso, a trav\u00e9s de un programa como<br>GASCOEDUCA que tiene una probada trayectoria en el \u00e1mbito y con un tema que resulta<br>de primera importancia para la Regi\u00f3n de Magallanes\u201d.<br>Fundaci\u00f3n GASCO es una entidad sin fines de lucro perteneciente a Empresas GASCO,<br>la cual busca contribuir al desarrollo cultural, educacional y social del pa\u00eds, mejorando la<br>calidad de vida de las comunidades en las que est\u00e1 presente.<\/p>\n","protected":false},"excerpt":{"rendered":"<p>Fundaci\u00f3n GASCO, a trav\u00e9s de su programa educativo GASCOEDUCA, firm\u00f3 unconvenio de colaboraci\u00f3n con el Servicio Local de Educaci\u00f3n P\u00fablica de Magallanes conel fin de potenciar y apoyar las acciones&#8230; <a class=\"read-more\" href=\"https:\/\/www.radiopresidenteibanez.cl\/web\/fundacion-gasco-firma-convenio-de-colaboracion-con-slep-magallanes\/\">Leer m\u00e1s<\/a><\/p>\n","protected":false},"author":2,"featured_media":50415,"comment_status":"closed","ping_status":"closed","sticky":false,"template":"","format":"standard","meta":{"footnotes":""},"categories":[1],"tags":[],"class_list":["post-50414","post","type-post","status-publish","format-standard","has-post-thumbnail","hentry","category-cronica"],"_links":{"self":[{"href":"https:\/\/www.radiopresidenteibanez.cl\/web\/wp-json\/wp\/v2\/posts\/50414","targetHints":{"allow":["GET"]}}],"collection":[{"href":"https:\/\/www.radiopresidenteibanez.cl\/web\/wp-json\/wp\/v2\/posts"}],"about":[{"href":"https:\/\/www.radiopresidenteibanez.cl\/web\/wp-json\/wp\/v2\/types\/post"}],"author":[{"embeddable":true,"href":"https:\/\/www.radiopresidenteibanez.cl\/web\/wp-json\/wp\/v2\/users\/2"}],"replies":[{"embeddable":true,"href":"https:\/\/www.radiopresidenteibanez.cl\/web\/wp-json\/wp\/v2\/comments?post=50414"}],"version-history":[{"count":0,"href":"https:\/\/www.radiopresidenteibanez.cl\/web\/wp-json\/wp\/v2\/posts\/50414\/revisions"}],"wp:featuredmedia":[{"embeddable":true,"href":"https:\/\/www.radiopresidenteibanez.cl\/web\/wp-json\/wp\/v2\/media\/50415"}],"wp:attachment":[{"href":"https:\/\/www.radiopresidenteibanez.cl\/web\/wp-json\/wp\/v2\/media?parent=50414"}],"wp:term":[{"taxonomy":"category","embeddable":true,"href":"https:\/\/www.radiopresidenteibanez.cl\/web\/wp-json\/wp\/v2\/categories?post=50414"},{"taxonomy":"post_tag","embeddable":true,"href":"https:\/\/www.radiopresidenteibanez.cl\/web\/wp-json\/wp\/v2\/tags?post=50414"}],"curies":[{"name":"wp","href":"https:\/\/api.w.org\/{rel}","templated":true}]}}