{"id":50411,"date":"2024-08-07T09:41:00","date_gmt":"2024-08-07T12:41:00","guid":{"rendered":"https:\/\/www.radiopresidenteibanez.cl\/web\/?p=50411"},"modified":"2024-08-07T08:44:55","modified_gmt":"2024-08-07T11:44:55","slug":"magallanes-se-prepara-para-la-temporada-turistica-en-enprotur-patagonia-2024","status":"publish","type":"post","link":"https:\/\/www.radiopresidenteibanez.cl\/web\/magallanes-se-prepara-para-la-temporada-turistica-en-enprotur-patagonia-2024\/","title":{"rendered":"MAGALLANES SE PREPARA PARA LA TEMPORADA TURISTICA EN ENPROTUR PATAGONIA 2024"},"content":{"rendered":"\n<p>Este jueves se realizar\u00e1 la tan esperada Enprotur Patagonia 2024, un evento clave para la industria del turismo en Magallanes. El evento se desarrollar\u00e1 durante toda la jornada, iniciando con las ruedas de negocio en la ma\u00f1ana y, a partir de las 14:30 horas, se abrir\u00e1 el showroom donde diversos expositores presentar\u00e1n las \u00faltimas novedades y tendencias para la pr\u00f3xima temporada tur\u00edstica.<br>El encuentro de proveedores del turismo incluye no solo oportunidades de negocio, sino<br>tambi\u00e9n una serie de charlas sobre temas de inter\u00e9s para los profesionales del sector,<br>entre los que destacan reciclaje, vinos y cervezas, que prometen enriquecer la experiencia<br>de los asistentes y aportar conocimientos valiosos para la industria.<br>\u201ctenemos confirmados 27 hoteles anfitriones y m\u00e1s de 30 empresas participantes los<br>cuales van a realizar sus ruedas de negocio durante la jornada de la ma\u00f1ana, y en la tarde<br>tendremos el showroom abierto a toda la comunidad. Este a\u00f1o cada proveedor mostrar\u00e1<br>las novedades y los nuevos lanzamientos que tiene para la pr\u00f3xima temporada\u201d, resalto la<br>gerente de la Asociaci\u00f3n de Hoteles y Servicios Tur\u00edsticos de Torres del Paine, HYST, Sara<br>Adema.<br>Un evento que en su quinta versi\u00f3n cuenta con el respaldo de importantes auspiciadores,<br>incluyendo Distribuidora Oviedo, Dima, WeTravel, Corcoran, Cerveza Austral, Resiter,<br>Lipigas, Gasco Magallanes y Enex. Su apoyo es fundamental para la realizaci\u00f3n de este<br>encuentro que busca potenciar y promover el turismo en la Patagonia.<br>La Enprotur Patagonia 2024 se presenta como una oportunidad \u00fanica para que empresas,<br>emprendedores y profesionales del turismo se re\u00fanan, compartan experiencias y<br>establezcan nuevas conexiones que fortalezcan el sector en la regi\u00f3n.<\/p>\n","protected":false},"excerpt":{"rendered":"<p>Este jueves se realizar\u00e1 la tan esperada Enprotur Patagonia 2024, un evento clave para la industria del turismo en Magallanes. El evento se desarrollar\u00e1 durante toda la jornada, iniciando con&#8230; <a class=\"read-more\" href=\"https:\/\/www.radiopresidenteibanez.cl\/web\/magallanes-se-prepara-para-la-temporada-turistica-en-enprotur-patagonia-2024\/\">Leer m\u00e1s<\/a><\/p>\n","protected":false},"author":2,"featured_media":50412,"comment_status":"closed","ping_status":"closed","sticky":false,"template":"","format":"standard","meta":{"footnotes":""},"categories":[1],"tags":[],"class_list":["post-50411","post","type-post","status-publish","format-standard","has-post-thumbnail","hentry","category-cronica"],"_links":{"self":[{"href":"https:\/\/www.radiopresidenteibanez.cl\/web\/wp-json\/wp\/v2\/posts\/50411","targetHints":{"allow":["GET"]}}],"collection":[{"href":"https:\/\/www.radiopresidenteibanez.cl\/web\/wp-json\/wp\/v2\/posts"}],"about":[{"href":"https:\/\/www.radiopresidenteibanez.cl\/web\/wp-json\/wp\/v2\/types\/post"}],"author":[{"embeddable":true,"href":"https:\/\/www.radiopresidenteibanez.cl\/web\/wp-json\/wp\/v2\/users\/2"}],"replies":[{"embeddable":true,"href":"https:\/\/www.radiopresidenteibanez.cl\/web\/wp-json\/wp\/v2\/comments?post=50411"}],"version-history":[{"count":0,"href":"https:\/\/www.radiopresidenteibanez.cl\/web\/wp-json\/wp\/v2\/posts\/50411\/revisions"}],"wp:featuredmedia":[{"embeddable":true,"href":"https:\/\/www.radiopresidenteibanez.cl\/web\/wp-json\/wp\/v2\/media\/50412"}],"wp:attachment":[{"href":"https:\/\/www.radiopresidenteibanez.cl\/web\/wp-json\/wp\/v2\/media?parent=50411"}],"wp:term":[{"taxonomy":"category","embeddable":true,"href":"https:\/\/www.radiopresidenteibanez.cl\/web\/wp-json\/wp\/v2\/categories?post=50411"},{"taxonomy":"post_tag","embeddable":true,"href":"https:\/\/www.radiopresidenteibanez.cl\/web\/wp-json\/wp\/v2\/tags?post=50411"}],"curies":[{"name":"wp","href":"https:\/\/api.w.org\/{rel}","templated":true}]}}