{"id":5041,"date":"2019-06-14T18:32:44","date_gmt":"2019-06-14T18:32:44","guid":{"rendered":"http:\/\/www.radiopresidenteibanez.cl\/web\/?p=5041"},"modified":"2019-06-14T18:33:33","modified_gmt":"2019-06-14T18:33:33","slug":"iii-encuentro-en-el-sur-canciones-con-sentido-participan-los-grupos-yaman-mewlen-y-ensamble-sur-canoris","status":"publish","type":"post","link":"https:\/\/www.radiopresidenteibanez.cl\/web\/iii-encuentro-en-el-sur-canciones-con-sentido-participan-los-grupos-yaman-mewlen-y-ensamble-sur-canoris\/","title":{"rendered":"III ENCUENTRO EN EL SUR: CANCIONES CON SENTIDO: PARTICIPAN LOS GRUPOS YAM\u00c1N, MEWLEN Y ENSAMBLE SUR CAN\u00d4RIS"},"content":{"rendered":"\n<p>Ya es una tradici\u00f3n que cada dos a\u00f1os los grupos Yam\u00e1n de la regi\u00f3n, y Mewlen de la capital, nos ofrecen su Encuentro en el Sur (Canciones con Sentido), as\u00ed ocurri\u00f3 el 2015 y 2017, y este a\u00f1o ambos grupos nos convocan a la tercera versi\u00f3n de este \u201cEncuentro\u201d, que contar\u00e1 con un invitado, se trata del Ensamble Sur Can\u00f4ris, dependiente de la Casa Azul del Arte de nuestra ciudad.<\/p>\n\n\n\n<p>El viernes 21 y s\u00e1bado 22 de junio, el Teatro Municipal Jos\u00e9 Bohr ser\u00e1 nuevamente el escenario donde se desarrollar\u00e1 la nueva versi\u00f3n del Encuentro en el Sur, ambos d\u00edas, a partir de las 19:30 horas, cada grupo&nbsp; mostrar\u00e1 su propuesta art\u00edstica musical.<\/p>\n\n\n\n<p>YAMAN grupo regional, cuyo nombre se asocia a los originarios canoeros &nbsp;\u201cy\u00e1manas o yaganes\u201d, mostrar\u00e1 parte de su trabajo de m\u00e1s de 4 d\u00e9cadas, donde prima su estilo&nbsp; patag\u00f3nico, destacando arreglos con sonidos altos, que simulan la brisa y el caracter\u00edstico viento patag\u00f3n, la nostalgia,&nbsp; la lejan\u00eda y la extensi\u00f3n de la pampa.<\/p>\n\n\n\n<p>En tanto, MEWLEN, voz mapudungun que significa \u201cviento arremolinado\u201d, que est\u00e1 cumpliendo 10 a\u00f1os, basa su trabajo, en&nbsp;aquellas canciones de la Am\u00e9rica morena que fueron protagonistas de nuestras vidas, que quedaron firmemente ligadas a nuestros sue\u00f1os y que a\u00fan son protagonistas de reuniones familiares, de amigos, fogatas, y otros tantos lugares. No faltar\u00e1n durante sus presentaciones zambas, chamames, huaynos, boleros, entre otros ritmos.<\/p>\n\n\n\n<p>El Ensamble Sur Can\u00f4ris, integrado por ni\u00f1os, ni\u00f1as y j\u00f3venes, es dirigido por el profesor Jean Hoyos, e interpretan m\u00fasica antigua, y para ello se valen de un conjunto de instrumentos como, guitarras barrocas, la\u00fad, salterio y flautas, entre otros. El&nbsp; grupo abarca repertorios musicales de extensas \u00e9pocas que van desde la Edad Media hasta el Barroco, adem\u00e1s de m\u00fasica colonial latinoamericana y m\u00fasica tradicional chilena y de am\u00e9rica latina.<\/p>\n\n\n\n<p>La sorpresa de cada jornada, ser\u00e1 un trabajo musical conjunto que mostrar\u00e1n&nbsp; Mewlen y el Ensamble Sur Can\u00f4ris.<\/p>\n\n\n\n<p>La jornada, cuenta con el auspicio de la I. Municipalidad de Punta Arenas, y el patrocinio de la&nbsp;&nbsp;Casa Azul del Arte,&nbsp;radio Presidente Ib\u00e1\u00f1ez de Punta&nbsp;&nbsp; Arenas, y del programa \u201cChile su Tierra y su Gente\u201d, de radio Universidad de Chile.<\/p>\n\n\n\n<p>MEWLEN como en los a\u00f1os anteriores, realizar\u00e1 para los estudiantes puntarenenses, talleres musicales donde se compartir\u00e1 con los educandos conocimientos y capacidades musicales que se han adquirido durante la trayectoria del grupo.<\/p>\n\n\n\n<figure class=\"wp-block-image\"><img loading=\"lazy\" decoding=\"async\" width=\"900\" height=\"584\" src=\"https:\/\/www.radiopresidenteibanez.cl\/web\/wp-content\/uploads\/2019\/06\/Mewlen.-Sala-Master-oct-2018-1.jpg\" alt=\"\" class=\"wp-image-5042\" srcset=\"https:\/\/www.radiopresidenteibanez.cl\/web\/wp-content\/uploads\/2019\/06\/Mewlen.-Sala-Master-oct-2018-1.jpg 900w, https:\/\/www.radiopresidenteibanez.cl\/web\/wp-content\/uploads\/2019\/06\/Mewlen.-Sala-Master-oct-2018-1-300x195.jpg 300w, https:\/\/www.radiopresidenteibanez.cl\/web\/wp-content\/uploads\/2019\/06\/Mewlen.-Sala-Master-oct-2018-1-768x498.jpg 768w\" sizes=\"auto, (max-width: 900px) 100vw, 900px\" \/><\/figure>\n","protected":false},"excerpt":{"rendered":"<p>Ya es una tradici\u00f3n que cada dos a\u00f1os los grupos Yam\u00e1n de la regi\u00f3n, y Mewlen de la capital, nos ofrecen su Encuentro en el Sur (Canciones con Sentido), as\u00ed&#8230; <a class=\"read-more\" href=\"https:\/\/www.radiopresidenteibanez.cl\/web\/iii-encuentro-en-el-sur-canciones-con-sentido-participan-los-grupos-yaman-mewlen-y-ensamble-sur-canoris\/\">Leer m\u00e1s<\/a><\/p>\n","protected":false},"author":2,"featured_media":5042,"comment_status":"closed","ping_status":"closed","sticky":false,"template":"","format":"standard","meta":{"footnotes":""},"categories":[1],"tags":[],"class_list":["post-5041","post","type-post","status-publish","format-standard","has-post-thumbnail","hentry","category-cronica"],"_links":{"self":[{"href":"https:\/\/www.radiopresidenteibanez.cl\/web\/wp-json\/wp\/v2\/posts\/5041","targetHints":{"allow":["GET"]}}],"collection":[{"href":"https:\/\/www.radiopresidenteibanez.cl\/web\/wp-json\/wp\/v2\/posts"}],"about":[{"href":"https:\/\/www.radiopresidenteibanez.cl\/web\/wp-json\/wp\/v2\/types\/post"}],"author":[{"embeddable":true,"href":"https:\/\/www.radiopresidenteibanez.cl\/web\/wp-json\/wp\/v2\/users\/2"}],"replies":[{"embeddable":true,"href":"https:\/\/www.radiopresidenteibanez.cl\/web\/wp-json\/wp\/v2\/comments?post=5041"}],"version-history":[{"count":0,"href":"https:\/\/www.radiopresidenteibanez.cl\/web\/wp-json\/wp\/v2\/posts\/5041\/revisions"}],"wp:featuredmedia":[{"embeddable":true,"href":"https:\/\/www.radiopresidenteibanez.cl\/web\/wp-json\/wp\/v2\/media\/5042"}],"wp:attachment":[{"href":"https:\/\/www.radiopresidenteibanez.cl\/web\/wp-json\/wp\/v2\/media?parent=5041"}],"wp:term":[{"taxonomy":"category","embeddable":true,"href":"https:\/\/www.radiopresidenteibanez.cl\/web\/wp-json\/wp\/v2\/categories?post=5041"},{"taxonomy":"post_tag","embeddable":true,"href":"https:\/\/www.radiopresidenteibanez.cl\/web\/wp-json\/wp\/v2\/tags?post=5041"}],"curies":[{"name":"wp","href":"https:\/\/api.w.org\/{rel}","templated":true}]}}