{"id":50408,"date":"2024-08-07T08:37:34","date_gmt":"2024-08-07T11:37:34","guid":{"rendered":"https:\/\/www.radiopresidenteibanez.cl\/web\/?p=50408"},"modified":"2024-08-07T08:37:38","modified_gmt":"2024-08-07T11:37:38","slug":"minvu-obtuvo-financiamiento-del-gobierno-regional-para-construir-nuevos-tramos-de-calles-miraflores-y-el-ovejero","status":"publish","type":"post","link":"https:\/\/www.radiopresidenteibanez.cl\/web\/minvu-obtuvo-financiamiento-del-gobierno-regional-para-construir-nuevos-tramos-de-calles-miraflores-y-el-ovejero\/","title":{"rendered":"MINVU OBTUVO FINANCIAMIENTO DEL GOBIERNO REGIONAL PARA CONSTRUIR NUEVOS TRAMOS DE CALLES MIRAFLORES Y EL OVEJERO"},"content":{"rendered":"\n<p>Los proyectos de ejecuci\u00f3n de 320 metros lineales de calle Miraflores entre M\u00e1rquez de la Plata y Arturo Prat y de 535 metros lineales de calle El Ovejero entre Rene Lillo y Padre Benito Mart\u00edn, presentados por la Seremi de Vivienda y Urbanismo, obtuvieron este lunes la aprobaci\u00f3n por parte del Consejo Regional, por un monto que supera los 3.892 millones de pesos.<br>El Seremi Marco Uribe Saldivia, inform\u00f3 \u201cDesde el MINVU y siguiendo los principios del Plan de<br>Ciudades Justas, estamos desarrollando numerosas vialidades en la capital regional, que favorecen la conectividad, otorgan seguridad y mejor calidad de vida de los habitantes de estos sectores urbanos, por lo que agradecemos la aprobaci\u00f3n del Consejo Regional para el financiamiento de calles Miraflores y El Ovejero\u201d.<br>La autoridad indic\u00f3 que una vez se realice el traspaso de recursos se proceder\u00e1 a la licitaci\u00f3n de las obras por parte del Servicio de Vivienda y Urbanizaci\u00f3n. \u201cEl plazo de construcci\u00f3n estimado para cada proyecto es de 12 meses por lo que, en el mediano plazo, los vecinos y vecinas de estos sectores poblacionales ver\u00e1n concretado su anhelo\u201d, precis\u00f3.<br>La construcci\u00f3n de calle Miraflores, en el tramo comprendido entre calle Arturo Prat y calle M\u00e1rquez de la Plata, considera una calzada de 7 metros de ancho, y aceras de 2 metros de ancho, totalizando una superficie de intervenci\u00f3n de 4500 metros cuadrados.<br>A su vez, la construcci\u00f3n de calle El Ovejero, facilitar\u00e1 el desplazamiento en el sector norponiente de la comuna con una calzada de 8 metros de ancho y aceras de 2 metros de ancho, alcanzando una superficie total de 6278 metros cuadrados.<br>Ambos proyectos consideran la instalaci\u00f3n de dispositivos de rodado en los cruces de calle para<br>facilitar el tr\u00e1nsito de personas con movilidad reducida, instalaci\u00f3n de se\u00f1alizaci\u00f3n, iluminaci\u00f3n,<br>estructuras y paisajismo entre otros. Adem\u00e1s, se contemplan soluciones de evacuaci\u00f3n de aguas<br>lluvias, en el tramo bajo, coincidiendo en el caso de calle Miraflores con el atravieso del R\u00edo de las<br>Minas y en el caso de calle El Ovejero, con el atravieso del Estero Llau Llau.<br>\u201cLos proyectos incluyeron en su dise\u00f1o la instalaci\u00f3n de todos los elementos exigidos en la normativa vial, que garantizan la seguridad para el tr\u00e1nsito vehicular y peatonal, como demarcaci\u00f3n de cruces, vallas de seguridad e iluminaci\u00f3n\u201d, complement\u00f3 el Seremi Uribe.<\/p>\n\n\n\n<p><\/p>\n","protected":false},"excerpt":{"rendered":"<p>Los proyectos de ejecuci\u00f3n de 320 metros lineales de calle Miraflores entre M\u00e1rquez de la Plata y Arturo Prat y de 535 metros lineales de calle El Ovejero entre Rene&#8230; <a class=\"read-more\" href=\"https:\/\/www.radiopresidenteibanez.cl\/web\/minvu-obtuvo-financiamiento-del-gobierno-regional-para-construir-nuevos-tramos-de-calles-miraflores-y-el-ovejero\/\">Leer m\u00e1s<\/a><\/p>\n","protected":false},"author":2,"featured_media":50409,"comment_status":"closed","ping_status":"closed","sticky":false,"template":"","format":"standard","meta":{"footnotes":""},"categories":[1],"tags":[],"class_list":["post-50408","post","type-post","status-publish","format-standard","has-post-thumbnail","hentry","category-cronica"],"_links":{"self":[{"href":"https:\/\/www.radiopresidenteibanez.cl\/web\/wp-json\/wp\/v2\/posts\/50408","targetHints":{"allow":["GET"]}}],"collection":[{"href":"https:\/\/www.radiopresidenteibanez.cl\/web\/wp-json\/wp\/v2\/posts"}],"about":[{"href":"https:\/\/www.radiopresidenteibanez.cl\/web\/wp-json\/wp\/v2\/types\/post"}],"author":[{"embeddable":true,"href":"https:\/\/www.radiopresidenteibanez.cl\/web\/wp-json\/wp\/v2\/users\/2"}],"replies":[{"embeddable":true,"href":"https:\/\/www.radiopresidenteibanez.cl\/web\/wp-json\/wp\/v2\/comments?post=50408"}],"version-history":[{"count":0,"href":"https:\/\/www.radiopresidenteibanez.cl\/web\/wp-json\/wp\/v2\/posts\/50408\/revisions"}],"wp:featuredmedia":[{"embeddable":true,"href":"https:\/\/www.radiopresidenteibanez.cl\/web\/wp-json\/wp\/v2\/media\/50409"}],"wp:attachment":[{"href":"https:\/\/www.radiopresidenteibanez.cl\/web\/wp-json\/wp\/v2\/media?parent=50408"}],"wp:term":[{"taxonomy":"category","embeddable":true,"href":"https:\/\/www.radiopresidenteibanez.cl\/web\/wp-json\/wp\/v2\/categories?post=50408"},{"taxonomy":"post_tag","embeddable":true,"href":"https:\/\/www.radiopresidenteibanez.cl\/web\/wp-json\/wp\/v2\/tags?post=50408"}],"curies":[{"name":"wp","href":"https:\/\/api.w.org\/{rel}","templated":true}]}}