{"id":50405,"date":"2024-08-06T18:59:00","date_gmt":"2024-08-06T21:59:00","guid":{"rendered":"https:\/\/www.radiopresidenteibanez.cl\/web\/?p=50405"},"modified":"2024-08-06T12:02:18","modified_gmt":"2024-08-06T15:02:18","slug":"creadora-de-rio-gallegos-genero-vinculo-artistico-con-mujeres-privadas-de-libertad","status":"publish","type":"post","link":"https:\/\/www.radiopresidenteibanez.cl\/web\/creadora-de-rio-gallegos-genero-vinculo-artistico-con-mujeres-privadas-de-libertad\/","title":{"rendered":"CREADORA DE R\u00cdO GALLEGOS GENER\u00d3 V\u00cdNCULO ART\u00cdSTICO CON MUJERES PRIVADAS DE LIBERTAD"},"content":{"rendered":"\n<p>El arte y el tejido son tambi\u00e9n grandes aliados para fortalecer la reinserci\u00f3n social, y as\u00ed lo<br>demostr\u00f3 una interactiva exposici\u00f3n en la secci\u00f3n femenina del Complejo Penitenciario de Punta<br>Arenas, realizada por la artista argentina Silvia Mirelman, quien aport\u00f3 una visi\u00f3n novedosa sobre<br>creaci\u00f3n art\u00edstica en base al uso del telar, en el marco del trabajo que se desarrolla en la unidad<br>penal con la ejecuci\u00f3n de talleres interinstitucionales en formaci\u00f3n y emprendimiento para<br>mujeres privadas de libertad impulsada por esta gesti\u00f3n.<\/p>\n\n\n\n<p>La arquitecta y cultora del arte textil Silvia Mirelman, ex directora de Patrimonio Cultural de R\u00edo<br>Gallegos, destac\u00f3 el v\u00ednculo que mantiene con la Seremi de la Mujer y la Equidad de G\u00e9nero,<br>Alejandra Ruiz Ovando, con quien la une una larga amistad familiar. Junto con mostrar sus telares<br>y exponer algunos de sus tapices y otras creaciones como sus peces de cer\u00e1mica mixtos con<br>materialidad textil, brind\u00f3 una did\u00e1ctica charla sobre la fabricaci\u00f3n de prendas en el telar y<br>fundamentos de la actividad textil, con el objetivo de interesar a las mujeres privadas de libertad<br>en estas t\u00e9cnicas, enfatizando la importancia del arte con miras a la reinserci\u00f3n social.<\/p>\n\n\n\n<p>Asimismo, esta actividad sirvi\u00f3 de primicia en el marco de la visita que la artista realiza a Punta<br>Arenas, y que la tendr\u00e1 desde el jueves (a las 18:00 horas) hasta el s\u00e1bado exponiendo su muestra<br>de tapices \u201cSoy el paisaje que habito\u201d en el Espacio Cultural Escarabajo donde brindar\u00e1 charlas<br>(martes a las 18:00 horas y s\u00e1bado a las 10:00 horas) e incluir\u00e1 una novedosa instalaci\u00f3n<br>tridimensional.<\/p>\n\n\n\n<p>Silvia Mirelman se mostr\u00f3 agradecida de este intercambio entre ciudades hermanas, y el poder<br>tambi\u00e9n vincularlo con quienes habitan el territorio, y en particular dialogar con mujeres privadas<br>de libertad sobre lo que considera \u201cuna salida laboral posible para ellas, en una tarea que no es<br>dif\u00edcil de aprender y que tiene bastantes posibilidades como emprendimiento\u201d.<\/p>\n\n\n\n<p>Alejandra Ruiz Ovando, Seremi de la Mujer y la Equidad de G\u00e9nero, se mostr\u00f3 honrada de recibir<br>en la regi\u00f3n a esta destacada arquitecta y artista textil que ha dedicado su vida a la preservaci\u00f3n<br>del patrimonio cultural y a la exploraci\u00f3n art\u00edstica de los paisajes patag\u00f3nicos: \u201cSu compromiso con<br>la formaci\u00f3n y la inclusi\u00f3n a trav\u00e9s de talleres dirigidos a artesanas es un ejemplo de c\u00f3mo el arte<br>puede ser un veh\u00edculo de empoderamiento, a partir de la autonom\u00eda econ\u00f3mica y asociatividad<br>para las mujeres\u201d. Asimismo, valor\u00f3 que estas instancias enriquecen nuestra cultura y contribuyen<br>a la equidad.<\/p>\n\n\n\n<p>La Seremi de Justicia y DD.HH., Michelle Peutat Alvarado, destac\u00f3 como una prioridad para esta<br>administraci\u00f3n el fortalecimiento del trabajo intersectorial con perspectiva de g\u00e9nero en el \u00e1mbito<br>penitenciario, vinculando a distintas carteras del Estado con los procesos de reinserci\u00f3n social y<br>destacando el compromiso de las secretar\u00edas regionales de las Culturas, las Artes y el Patrimonio, y<br>de la Mujer y la Equidad de G\u00e9nero en esta labor: \u201cResulta fundamental sumar actores que<br>trabajen con la poblaci\u00f3n privada de libertad para la gesti\u00f3n de procesos de reinserci\u00f3n exitosos.<br>Sobre todo, cuando las acciones que se desarrollan, responden a la necesidades que la misma<br>poblaci\u00f3n penal levanta, y cuyas herramientas de transformaci\u00f3n no ser\u00eda posible entregar sin un<br>trabajo coordinado y en red con el intersector\u201d.<\/p>\n\n\n\n<p>En tanto, Irma Pati\u00f1o O\u00f1ate, Seremi (S) de las Culturas, las Artes y el Patrimonio, destac\u00f3 el poder<br>colaborar en una iniciativa intersectorial junto a Prodemu, a trav\u00e9s de un taller que desde julio (y<br>hasta fines de octubre) realiza la artista visual y orfebre Camila Vera Sandoval. Este tiene ver con la<br>posibilidad de generar joyer\u00eda contempor\u00e1nea con material reciclado y con identidad, \u201csiempre<br>pensando en el tema recreativo, pero que tambi\u00e9n sea una posibilidad econ\u00f3mica dentro de su<br>reinserci\u00f3n. Entonces la idea es que una vez finalizado el taller ellas tengan algunas herramientas<br>de este oficio que les permitan a futuro poder generar alguna posibilidad de negocio con la venta<br>de estos art\u00edculos\u201d.<\/p>\n\n\n\n<p>Por su parte, la tallerista Camila Vera resalt\u00f3 el poder apoyar a 12 mujeres que est\u00e1n tomando dos<br>talleres, uno de joyer\u00eda contempor\u00e1nea con pol\u00edmeros y otro de joyer\u00eda tambi\u00e9n contempor\u00e1nea<br>con enfoque en el microbordado. En base a la tem\u00e1tica de la identidad es que nace tambi\u00e9n un<br>poco la vinculaci\u00f3n con Silvia Mirelman, quien trabaja con una t\u00e9cnica de telar Mar\u00eda y otras<br>t\u00e9cnicas que mostr\u00f3, como trenza y baile entramado.<\/p>\n\n\n\n<p>La artista valor\u00f3 el llevarles un pedacito de la exposici\u00f3n de Silvia Mirelman para que ellas no<br>pierdan la posibilidad de vincularse con la cultura y las artes, al potenciar sus capacidades de<br>creaci\u00f3n, su creatividad, y tambi\u00e9n a mejorar su espacio y rutina. Esto, a trav\u00e9s de tem\u00e1ticas que<br>las puedan incentivar para salir adelante, desde estas disciplinas \u201cque tambi\u00e9n posibilitan la<br>autonom\u00eda laboral\u201d, y con la esperanza de que a futuro puedan tener un taller montado de<br>orfebrer\u00eda en el Complejo Penitenciario.<\/p>\n","protected":false},"excerpt":{"rendered":"<p>El arte y el tejido son tambi\u00e9n grandes aliados para fortalecer la reinserci\u00f3n social, y as\u00ed lodemostr\u00f3 una interactiva exposici\u00f3n en la secci\u00f3n femenina del Complejo Penitenciario de PuntaArenas, realizada&#8230; <a class=\"read-more\" href=\"https:\/\/www.radiopresidenteibanez.cl\/web\/creadora-de-rio-gallegos-genero-vinculo-artistico-con-mujeres-privadas-de-libertad\/\">Leer m\u00e1s<\/a><\/p>\n","protected":false},"author":2,"featured_media":50406,"comment_status":"closed","ping_status":"closed","sticky":false,"template":"","format":"standard","meta":{"footnotes":""},"categories":[1],"tags":[],"class_list":["post-50405","post","type-post","status-publish","format-standard","has-post-thumbnail","hentry","category-cronica"],"_links":{"self":[{"href":"https:\/\/www.radiopresidenteibanez.cl\/web\/wp-json\/wp\/v2\/posts\/50405","targetHints":{"allow":["GET"]}}],"collection":[{"href":"https:\/\/www.radiopresidenteibanez.cl\/web\/wp-json\/wp\/v2\/posts"}],"about":[{"href":"https:\/\/www.radiopresidenteibanez.cl\/web\/wp-json\/wp\/v2\/types\/post"}],"author":[{"embeddable":true,"href":"https:\/\/www.radiopresidenteibanez.cl\/web\/wp-json\/wp\/v2\/users\/2"}],"replies":[{"embeddable":true,"href":"https:\/\/www.radiopresidenteibanez.cl\/web\/wp-json\/wp\/v2\/comments?post=50405"}],"version-history":[{"count":0,"href":"https:\/\/www.radiopresidenteibanez.cl\/web\/wp-json\/wp\/v2\/posts\/50405\/revisions"}],"wp:featuredmedia":[{"embeddable":true,"href":"https:\/\/www.radiopresidenteibanez.cl\/web\/wp-json\/wp\/v2\/media\/50406"}],"wp:attachment":[{"href":"https:\/\/www.radiopresidenteibanez.cl\/web\/wp-json\/wp\/v2\/media?parent=50405"}],"wp:term":[{"taxonomy":"category","embeddable":true,"href":"https:\/\/www.radiopresidenteibanez.cl\/web\/wp-json\/wp\/v2\/categories?post=50405"},{"taxonomy":"post_tag","embeddable":true,"href":"https:\/\/www.radiopresidenteibanez.cl\/web\/wp-json\/wp\/v2\/tags?post=50405"}],"curies":[{"name":"wp","href":"https:\/\/api.w.org\/{rel}","templated":true}]}}