{"id":50402,"date":"2024-08-06T17:55:00","date_gmt":"2024-08-06T20:55:00","guid":{"rendered":"https:\/\/www.radiopresidenteibanez.cl\/web\/?p=50402"},"modified":"2024-08-06T11:58:54","modified_gmt":"2024-08-06T14:58:54","slug":"sembrando-equidad-lanzan-proyecto-de-empoderamiento-a-mujeres-rurales-en-magallanes","status":"publish","type":"post","link":"https:\/\/www.radiopresidenteibanez.cl\/web\/sembrando-equidad-lanzan-proyecto-de-empoderamiento-a-mujeres-rurales-en-magallanes\/","title":{"rendered":"\u00abSEMBRANDO EQUIDAD\u00bb LANZAN PROYECTO DE EMPODERAMIENTO A MUJERES RURALES EN MAGALLANES"},"content":{"rendered":"\n<p>La Fundaci\u00f3n Derechos Mayores se complace en anunciar el lanzamiento del proyecto \u00abSembrando Equidad: Voces de Mujeres Campesinas en Punta Arenas\u00bb, una iniciativa financiada por el Ministerio de la Mujer y Equidad de G\u00e9nero a trav\u00e9s del Fondo de Equidad de G\u00e9nero. Este proyecto tiene como objetivo fortalecer la participaci\u00f3n, asociatividad y liderazgo de mujeres en el marco de la equidad de g\u00e9nero y los derechos humanos.<\/p>\n\n\n\n<p>El proyecto busca visibilizar la \u00abAgrupaci\u00f3n Campesina Virgen de la Covadonga\u00bb, destacando la realidad de estas mujeres en el territorio, la importancia del trabajo rural realizado por ellas en la regi\u00f3n, la preservaci\u00f3n cultural y el fortalecimiento de espacios de autocuidado para las mujeres que conforman la organizaci\u00f3n.<\/p>\n\n\n\n<p><strong>Detalles de la Actividad de Lanzamiento:<\/strong><\/p>\n\n\n\n<ul class=\"wp-block-list\">\n<li><strong>Fecha:<\/strong>\u00a0Martes, 6 de agosto de 2024<\/li>\n\n\n\n<li><strong>Hora:<\/strong>\u00a016:15 horas<\/li>\n\n\n\n<li><strong>Lugar:<\/strong>\u00a0Sede de la Agrupaci\u00f3n Virgen de la Covadonga, en sector de R\u00edo Seco.<\/li>\n<\/ul>\n\n\n\n<p>La actividad de lanzamiento contar\u00e1 con la presencia de las mujeres beneficiadas de la agrupaci\u00f3n, el presidente de la Fundaci\u00f3n Derechos Mayores, la SEREMI de la Mujer y la Directora Regional de SERNAMEG. Este evento ser\u00e1 una oportunidad para conocer de cerca el impacto y los objetivos de este significativo proyecto, as\u00ed como para escuchar directamente las voces de las mujeres campesinas que se beneficiar\u00e1n de esta iniciativa.<\/p>\n\n\n\n<p>Michel Toledo Ortiz, presidente de la Fundaci\u00f3n Derechos Mayores, expres\u00f3: \u201cEste proyecto es una muestra de nuestro compromiso con la equidad de g\u00e9nero y los derechos humanos. A trav\u00e9s de &#8216;Sembrando Equidad&#8217;, buscamos empoderar a las mujeres campesinas, reconocer su valiosa contribuci\u00f3n y fortalecer su liderazgo en la regi\u00f3n.\u201d<\/p>\n\n\n\n<p>La Fundaci\u00f3n Derechos Mayores invita a los distintos medios de comunicaci\u00f3n a asistir a esta actividad y apoyar la difusi\u00f3n de esta importante iniciativa que busca promover la equidad de g\u00e9nero y mejorar la calidad de vida de las mujeres en la Regi\u00f3n.<\/p>\n\n\n\n<figure class=\"wp-block-table\"><table class=\"has-fixed-layout\"><tbody><tr><td><\/td><\/tr><\/tbody><\/table><\/figure>\n","protected":false},"excerpt":{"rendered":"<p>La Fundaci\u00f3n Derechos Mayores se complace en anunciar el lanzamiento del proyecto \u00abSembrando Equidad: Voces de Mujeres Campesinas en Punta Arenas\u00bb, una iniciativa financiada por el Ministerio de la Mujer&#8230; <a class=\"read-more\" href=\"https:\/\/www.radiopresidenteibanez.cl\/web\/sembrando-equidad-lanzan-proyecto-de-empoderamiento-a-mujeres-rurales-en-magallanes\/\">Leer m\u00e1s<\/a><\/p>\n","protected":false},"author":2,"featured_media":50403,"comment_status":"closed","ping_status":"closed","sticky":false,"template":"","format":"standard","meta":{"footnotes":""},"categories":[1],"tags":[],"class_list":["post-50402","post","type-post","status-publish","format-standard","has-post-thumbnail","hentry","category-cronica"],"_links":{"self":[{"href":"https:\/\/www.radiopresidenteibanez.cl\/web\/wp-json\/wp\/v2\/posts\/50402","targetHints":{"allow":["GET"]}}],"collection":[{"href":"https:\/\/www.radiopresidenteibanez.cl\/web\/wp-json\/wp\/v2\/posts"}],"about":[{"href":"https:\/\/www.radiopresidenteibanez.cl\/web\/wp-json\/wp\/v2\/types\/post"}],"author":[{"embeddable":true,"href":"https:\/\/www.radiopresidenteibanez.cl\/web\/wp-json\/wp\/v2\/users\/2"}],"replies":[{"embeddable":true,"href":"https:\/\/www.radiopresidenteibanez.cl\/web\/wp-json\/wp\/v2\/comments?post=50402"}],"version-history":[{"count":0,"href":"https:\/\/www.radiopresidenteibanez.cl\/web\/wp-json\/wp\/v2\/posts\/50402\/revisions"}],"wp:featuredmedia":[{"embeddable":true,"href":"https:\/\/www.radiopresidenteibanez.cl\/web\/wp-json\/wp\/v2\/media\/50403"}],"wp:attachment":[{"href":"https:\/\/www.radiopresidenteibanez.cl\/web\/wp-json\/wp\/v2\/media?parent=50402"}],"wp:term":[{"taxonomy":"category","embeddable":true,"href":"https:\/\/www.radiopresidenteibanez.cl\/web\/wp-json\/wp\/v2\/categories?post=50402"},{"taxonomy":"post_tag","embeddable":true,"href":"https:\/\/www.radiopresidenteibanez.cl\/web\/wp-json\/wp\/v2\/tags?post=50402"}],"curies":[{"name":"wp","href":"https:\/\/api.w.org\/{rel}","templated":true}]}}