{"id":50393,"date":"2024-08-06T16:39:00","date_gmt":"2024-08-06T19:39:00","guid":{"rendered":"https:\/\/www.radiopresidenteibanez.cl\/web\/?p=50393"},"modified":"2024-08-06T11:21:56","modified_gmt":"2024-08-06T14:21:56","slug":"investigador-de-magallanes-integra-comite-cientifico-de-cambio-climatico","status":"publish","type":"post","link":"https:\/\/www.radiopresidenteibanez.cl\/web\/investigador-de-magallanes-integra-comite-cientifico-de-cambio-climatico\/","title":{"rendered":"INVESTIGADOR DE MAGALLANES INTEGRA COMITE CIENTIFICO DE CAMBIO CLIMATICO"},"content":{"rendered":"\n<p>Un nuevo hito en la lucha contra la crisis clim\u00e1tica en Chile se llev\u00f3 a cabo a finales de julio tras anunciarse oficialmente la conformaci\u00f3n del Comit\u00e9 Cient\u00edfico de Cambio Clim\u00e1tico (C4), el que est\u00e1 integrado por destacadas y destacados cient\u00edficos de diversas disciplinas y regiones del pa\u00eds, quienes brindar\u00e1n asesoramiento para que la elaboraci\u00f3n, dise\u00f1o, implementaci\u00f3n y actualizaci\u00f3n de las pol\u00edticas establecidas en la Ley Marco de Cambio Clim\u00e1tico est\u00e9n sustentadas en la mejor evidencia cient\u00edfica disponible.<\/p>\n\n\n\n<p>Entre los desaf\u00edos inmediatos de este grupo se encuentran la revisi\u00f3n de los instrumentos de gesti\u00f3n asociados al Cambio Clim\u00e1tico, como por ejemplo la actualizaci\u00f3n de los planes sectoriales, las estrategias de mitigaci\u00f3n de gases de efecto invernadero y la promoci\u00f3n de la investigaci\u00f3n en \u00e1reas cr\u00edticas, como la energ\u00eda renovable, la conservaci\u00f3n de ecosistemas y la agricultura resiliente.<\/p>\n\n\n\n<p>Ver\u00f3nica Vallejos, seremi de Ciencia, coment\u00f3 que el Ministerio de Ciencia tiene un rol clave en la implementaci\u00f3n de la Ley Marco de Cambio Clim\u00e1tico, al ser la entidad encargada de la Secretar\u00eda T\u00e9cnica del Comit\u00e9 Cient\u00edfico Asesor. \u201cHace unos d\u00edas se dio a conocer a las y los integrantes de este comit\u00e9, quienes fueron seleccionados mediante un proceso concursal a nivel nacional y que trabajar\u00e1n de manera colaborativa con tomadores de decisi\u00f3n para asegurar que las pol\u00edticas p\u00fablicas asociadas al cambio clim\u00e1tico se basen en evidencia cient\u00edfica rigurosa y actual. El comit\u00e9 est\u00e1 integrado por investigadores e investigadoras de diversas disciplinas y regiones, y me alegra saber que la macrozona austral cuenta con un representante, el Dr. Rodolfo Sapiains, quien ha estudiado la percepci\u00f3n y comportamiento humano frente al cambio clim\u00e1tico\u201d.<\/p>\n\n\n\n<p>En la misma l\u00ednea, Enrique Rebolledo Toro, Seremi del Medio Ambiente destac\u00f3 que: \u201cLa conformaci\u00f3n de este comit\u00e9 nos permitir\u00e1 contar con m\u00e1s y mejor evidencia para la toma de decisiones ante los procesos de adaptaci\u00f3n y resiliencia frente al Cambio Clim\u00e1tico. Como Ministerio del Medio Ambiente, y como Gobierno de Chile, nos hemos impuesto ambiciosos desaf\u00edos ambientales, entre ellos: alcanzar la carbono-neutralidad para el a\u00f1o 2050; y sin lugar a dudas, contar con el apoyo t\u00e9cnico de estos once expertos nos ayudar\u00e1 alcanzar estos objetivos. Desde Magallanes esperamos estar bien representados para que la mirada desde la Patagonia derive en acciones a nivel nacional\u00bb.<\/p>\n\n\n\n<p><strong>La regi\u00f3n tiene representaci\u00f3n<\/strong><\/p>\n\n\n\n<p>El C4 est\u00e1 compuesto por once destacados cient\u00edficos y cient\u00edficas provenientes de distintas regiones de Chile. Sus especialidades abarcan desde la oceanograf\u00eda y la ecolog\u00eda hasta la ingenier\u00eda y las ciencias sociales, garantizando un enfoque multidisciplinario en el abordaje del cambio clim\u00e1tico.<\/p>\n\n\n\n<p>Uno de los integrantes es el psic\u00f3logo ambiental, investigador colaborador del Centro de Investigaci\u00f3n GAIA Ant\u00e1rtica (CIGA) de la UMAG y parte del equipo del Nodo Ciencia Austral, Dr. Rodolfo Sapiains, quien se especializa en el estudio de la dimensi\u00f3n humana del cambio clim\u00e1tico desde una perspectiva psicol\u00f3gica.<\/p>\n\n\n\n<p>En relaci\u00f3n a su selecci\u00f3n, Sapiains manifest\u00f3 que \u201ces una gran responsabilidad ser parte de este comit\u00e9, principalmente por dos razones. Por una parte, porque generalmente este tipo de instancias tienden a estar conformadas mayoritariamente por investigadores de las ciencias naturales o ciencias biof\u00edsicas, y en ese contexto es una motivaci\u00f3n adicional el poder incorporar elementos desde la psicolog\u00eda y otras ciencias sociales y as\u00ed contribuir con un enfoque interdisciplinario a las pol\u00edticas relacionadas al cambio clim\u00e1tico. Por otra parte, este comit\u00e9 est\u00e1 conformado con una l\u00f3gica de descentralizar, y yo tengo residencia en Punta Arenas e investigaci\u00f3n en esta regi\u00f3n por lo que espero que mi participaci\u00f3n pueda contribuir a incluir la visi\u00f3n de las regiones extremas, en este caso de Magallanes, en los debates que se vayan generando\u201d.<\/p>\n\n\n\n<p>Es importante destacar que la conformaci\u00f3n de este comit\u00e9 se realiz\u00f3 mediante un proceso competitivo y riguroso. De 55 postulaciones, se evaluaron 53 candidaturas. La selecci\u00f3n prioriz\u00f3 la excelencia acad\u00e9mica, la diversidad regional y de g\u00e9nero, y la representaci\u00f3n disciplinaria.<\/p>\n\n\n\n<p>Toda la informaci\u00f3n sobre el Comit\u00e9 Cient\u00edfico Asesor de Cambio Clim\u00e1tico, sus actividades, integrantes, publicaciones y otros materiales, est\u00e1n disponibles en el sitio web del Ministerio de Ciencia<a href=\"https:\/\/minciencia.gob.cl\/areas\/comite-cientifico-asesor-cambio-climatico\/\"> <\/a><a href=\"https:\/\/minciencia.gob.cl\/areas\/comite-cientifico-asesor-cambio-climatico\/\">https:\/\/minciencia.gob.cl\/areas\/comite-cientifico-asesor-cambio-climatico\/<\/a>.<\/p>\n","protected":false},"excerpt":{"rendered":"<p>Un nuevo hito en la lucha contra la crisis clim\u00e1tica en Chile se llev\u00f3 a cabo a finales de julio tras anunciarse oficialmente la conformaci\u00f3n del Comit\u00e9 Cient\u00edfico de Cambio&#8230; <a class=\"read-more\" href=\"https:\/\/www.radiopresidenteibanez.cl\/web\/investigador-de-magallanes-integra-comite-cientifico-de-cambio-climatico\/\">Leer m\u00e1s<\/a><\/p>\n","protected":false},"author":2,"featured_media":50394,"comment_status":"closed","ping_status":"closed","sticky":false,"template":"","format":"standard","meta":{"footnotes":""},"categories":[1],"tags":[],"class_list":["post-50393","post","type-post","status-publish","format-standard","has-post-thumbnail","hentry","category-cronica"],"_links":{"self":[{"href":"https:\/\/www.radiopresidenteibanez.cl\/web\/wp-json\/wp\/v2\/posts\/50393","targetHints":{"allow":["GET"]}}],"collection":[{"href":"https:\/\/www.radiopresidenteibanez.cl\/web\/wp-json\/wp\/v2\/posts"}],"about":[{"href":"https:\/\/www.radiopresidenteibanez.cl\/web\/wp-json\/wp\/v2\/types\/post"}],"author":[{"embeddable":true,"href":"https:\/\/www.radiopresidenteibanez.cl\/web\/wp-json\/wp\/v2\/users\/2"}],"replies":[{"embeddable":true,"href":"https:\/\/www.radiopresidenteibanez.cl\/web\/wp-json\/wp\/v2\/comments?post=50393"}],"version-history":[{"count":0,"href":"https:\/\/www.radiopresidenteibanez.cl\/web\/wp-json\/wp\/v2\/posts\/50393\/revisions"}],"wp:featuredmedia":[{"embeddable":true,"href":"https:\/\/www.radiopresidenteibanez.cl\/web\/wp-json\/wp\/v2\/media\/50394"}],"wp:attachment":[{"href":"https:\/\/www.radiopresidenteibanez.cl\/web\/wp-json\/wp\/v2\/media?parent=50393"}],"wp:term":[{"taxonomy":"category","embeddable":true,"href":"https:\/\/www.radiopresidenteibanez.cl\/web\/wp-json\/wp\/v2\/categories?post=50393"},{"taxonomy":"post_tag","embeddable":true,"href":"https:\/\/www.radiopresidenteibanez.cl\/web\/wp-json\/wp\/v2\/tags?post=50393"}],"curies":[{"name":"wp","href":"https:\/\/api.w.org\/{rel}","templated":true}]}}