{"id":50390,"date":"2024-08-06T15:47:00","date_gmt":"2024-08-06T18:47:00","guid":{"rendered":"https:\/\/www.radiopresidenteibanez.cl\/web\/?p=50390"},"modified":"2024-08-06T11:13:23","modified_gmt":"2024-08-06T14:13:23","slug":"slep-magallanes-fomenta-el-trabajo-en-red-entre-los-actores-de-la-educacion-publica","status":"publish","type":"post","link":"https:\/\/www.radiopresidenteibanez.cl\/web\/slep-magallanes-fomenta-el-trabajo-en-red-entre-los-actores-de-la-educacion-publica\/","title":{"rendered":"SLEP MAGALLANES FOMENTA EL TRABAJO EN RED ENTRE LOS ACTORES DE LA EDUCACION PUBLICA"},"content":{"rendered":"\n<p>La asesor\u00eda t\u00e9cnico pedag\u00f3gica que se presta a los establecimientos educacionales es uno de los sellos diferenciadores de la nueva educaci\u00f3n p\u00fablica que se instal\u00f3 en la regi\u00f3n este a\u00f1o con el SLEP Magallanes.<\/p>\n\n\n\n<p>Se trata de un acompa\u00f1amiento profesional a todos los establecimientos que busca desarrollar las capacidades de sus equipos docentes, tarea que est\u00e1 a cargo de la Subdirecci\u00f3n de Apoyo T\u00e9cnico Pedag\u00f3gico del SLEP. Son asesor\u00edas que abordan temas de inter\u00e9s o necesidades de los jardines infantiles, escuelas y liceos con el objetivo de mejorar sus procesos educativos y avanzar en calidad.<\/p>\n\n\n\n<p>Una de las estrategias de este trabajo es la conformaci\u00f3n de redes de colaboraci\u00f3n entre los profesionales de distintos establecimientos p\u00fablicos, que de manera conjunta elaboran diagn\u00f3sticos y metas.<\/p>\n\n\n\n<p>En Magallanes ya funcionan las redes integradas por los directores de establecimientos educacionales, por los profesores de matem\u00e1tica de educaci\u00f3n b\u00e1sica, jefes t\u00e9cnicos pedag\u00f3gicos y por las coordinadoras de los programas de integraci\u00f3n escolar, cada una con sesiones peri\u00f3dicas de trabajo en este per\u00edodo.<\/p>\n\n\n\n<p>\u201cEste trabajo atiende a las dimensiones de trabajo en red, por ejemplo, el rol de liderazgo, la identificaci\u00f3n de los prop\u00f3sitos de una red, sus fortalezas y capacidades profesionales disponibles y el foco en desaf\u00edos comunes\u201d, indic\u00f3 Melissa Maldonado, de la Unidad de Apoyo T\u00e9cnico Pedag\u00f3gico del SLEP Magallanes.<\/p>\n","protected":false},"excerpt":{"rendered":"<p>La asesor\u00eda t\u00e9cnico pedag\u00f3gica que se presta a los establecimientos educacionales es uno de los sellos diferenciadores de la nueva educaci\u00f3n p\u00fablica que se instal\u00f3 en la regi\u00f3n este a\u00f1o&#8230; <a class=\"read-more\" href=\"https:\/\/www.radiopresidenteibanez.cl\/web\/slep-magallanes-fomenta-el-trabajo-en-red-entre-los-actores-de-la-educacion-publica\/\">Leer m\u00e1s<\/a><\/p>\n","protected":false},"author":2,"featured_media":50391,"comment_status":"closed","ping_status":"closed","sticky":false,"template":"","format":"standard","meta":{"footnotes":""},"categories":[1],"tags":[],"class_list":["post-50390","post","type-post","status-publish","format-standard","has-post-thumbnail","hentry","category-cronica"],"_links":{"self":[{"href":"https:\/\/www.radiopresidenteibanez.cl\/web\/wp-json\/wp\/v2\/posts\/50390","targetHints":{"allow":["GET"]}}],"collection":[{"href":"https:\/\/www.radiopresidenteibanez.cl\/web\/wp-json\/wp\/v2\/posts"}],"about":[{"href":"https:\/\/www.radiopresidenteibanez.cl\/web\/wp-json\/wp\/v2\/types\/post"}],"author":[{"embeddable":true,"href":"https:\/\/www.radiopresidenteibanez.cl\/web\/wp-json\/wp\/v2\/users\/2"}],"replies":[{"embeddable":true,"href":"https:\/\/www.radiopresidenteibanez.cl\/web\/wp-json\/wp\/v2\/comments?post=50390"}],"version-history":[{"count":0,"href":"https:\/\/www.radiopresidenteibanez.cl\/web\/wp-json\/wp\/v2\/posts\/50390\/revisions"}],"wp:featuredmedia":[{"embeddable":true,"href":"https:\/\/www.radiopresidenteibanez.cl\/web\/wp-json\/wp\/v2\/media\/50391"}],"wp:attachment":[{"href":"https:\/\/www.radiopresidenteibanez.cl\/web\/wp-json\/wp\/v2\/media?parent=50390"}],"wp:term":[{"taxonomy":"category","embeddable":true,"href":"https:\/\/www.radiopresidenteibanez.cl\/web\/wp-json\/wp\/v2\/categories?post=50390"},{"taxonomy":"post_tag","embeddable":true,"href":"https:\/\/www.radiopresidenteibanez.cl\/web\/wp-json\/wp\/v2\/tags?post=50390"}],"curies":[{"name":"wp","href":"https:\/\/api.w.org\/{rel}","templated":true}]}}