{"id":50387,"date":"2024-08-06T14:17:00","date_gmt":"2024-08-06T17:17:00","guid":{"rendered":"https:\/\/www.radiopresidenteibanez.cl\/web\/?p=50387"},"modified":"2024-08-06T10:56:05","modified_gmt":"2024-08-06T13:56:05","slug":"proyecto-del-fep-busca-educar-en-prevision-a-traves-de-obras-teatrales","status":"publish","type":"post","link":"https:\/\/www.radiopresidenteibanez.cl\/web\/proyecto-del-fep-busca-educar-en-prevision-a-traves-de-obras-teatrales\/","title":{"rendered":"PROYECTO DEL FEP BUSCA EDUCAR EN PREVISION A TRAVES DE OBRAS TEATRALES"},"content":{"rendered":"\n<p>En dependencias del CADI \u2013 Umag se realiz\u00f3 el hito de lanzamiento del proyecto llamado \u201cLuces y Tel\u00f3n: Previsi\u00f3n a Escena\u201d, iniciativa levantada por la Fundaci\u00f3n Esperanza que busca educar en previsi\u00f3n social a personas de distintos grupos de inter\u00e9s a trav\u00e9s de innovadoras obras de teatro.<\/p>\n\n\n\n<p>La iniciativa es financiada a trav\u00e9s del Fondo para la Educaci\u00f3n Previsional (FEP) que realiza cada a\u00f1o la subsecretar\u00eda de Previsi\u00f3n Social, cuyo objetivo es incentivar el levantamiento de proyectos que contribuyan a difundir la protecci\u00f3n social y materias previsionales a las diversas comunidades regionales.<\/p>\n\n\n\n<p>As\u00ed lo inform\u00f3 la seremi del Trabajo y Previsi\u00f3n Social, Doris Sandoval Miranda, quien fue parte de la ceremonia de lanzamiento, destacando adem\u00e1s el hito de los 100 a\u00f1os de la Seguridad Social que se cumplen este 2024.<\/p>\n\n\n\n<p>\u201cPara nosotros como gobierno es muy importante participar en el lanzamiento de iniciativas como esta que buscan, a trav\u00e9s de formatos novedosos, el poder informar a las personas la importancia de conocer el funcionamiento del sistema previsional, especialmente, este a\u00f1o en que conmemoramos el centenario de la seguridad social en nuestro pa\u00eds, queremos relevar lo importante que es abrirnos a otras experiencias de lenguaje y comunicaci\u00f3n para poder compartir experiencias en torno a la previsi\u00f3n y as\u00ed ense\u00f1ar a las nuevas generaciones, a mujeres, a trabajadores y trabajadoras, todo lo que engloba la protecci\u00f3n social y por qu\u00e9 es tan esencial en nuestras vidas\u201d, expuso la autoridad.<\/p>\n\n\n\n<p>Seg\u00fan expuso Hugo Henr\u00edquez, coordinador del proyecto, el principal objetivo de esta iniciativa es \u201cense\u00f1ar educaci\u00f3n previsional a 250 beneficiarios\/as directos, los cuales estar\u00e1n divididos en tres subgrupos, que ser\u00e1n: Estudiantes de Ense\u00f1anza Media; trabajadores y trabajadoras por cuenta propia o independientes; y mujeres de 55 a\u00f1os o m\u00e1s; a fin de abarcar todas las edades en educaci\u00f3n del sistema previsional chileno. Todo esto, a trav\u00e9s de un nuevo enfoque, vinculando las artes y la entretenci\u00f3n con el sistema previsional en el marco de la Seguridad Social\u201d.<\/p>\n\n\n\n<p>De esta manera, el proyecto contempla el desarrollo de cinco obras de teatro dirigidas a estos tres diferentes grupos de personas; tras lo cual, se realizar\u00e1 una evaluaci\u00f3n de lo aprendido a trav\u00e9s de un instrumento de verificaci\u00f3n que se aplicar\u00e1 seg\u00fan los contenidos de las distintas puestas en escena, con la idea de medir la efectividad del proyecto y, asimismo, se entregar\u00e1n diferentes materiales de apoyo a las y los participantes, tales como: cuadernos, botellas, vasos t\u00e9rmicos, morrales, entre otros, seg\u00fan el grupo objetivo.<\/p>\n","protected":false},"excerpt":{"rendered":"<p>En dependencias del CADI \u2013 Umag se realiz\u00f3 el hito de lanzamiento del proyecto llamado \u201cLuces y Tel\u00f3n: Previsi\u00f3n a Escena\u201d, iniciativa levantada por la Fundaci\u00f3n Esperanza que busca educar&#8230; <a class=\"read-more\" href=\"https:\/\/www.radiopresidenteibanez.cl\/web\/proyecto-del-fep-busca-educar-en-prevision-a-traves-de-obras-teatrales\/\">Leer m\u00e1s<\/a><\/p>\n","protected":false},"author":2,"featured_media":50388,"comment_status":"closed","ping_status":"closed","sticky":false,"template":"","format":"standard","meta":{"footnotes":""},"categories":[1],"tags":[],"class_list":["post-50387","post","type-post","status-publish","format-standard","has-post-thumbnail","hentry","category-cronica"],"_links":{"self":[{"href":"https:\/\/www.radiopresidenteibanez.cl\/web\/wp-json\/wp\/v2\/posts\/50387","targetHints":{"allow":["GET"]}}],"collection":[{"href":"https:\/\/www.radiopresidenteibanez.cl\/web\/wp-json\/wp\/v2\/posts"}],"about":[{"href":"https:\/\/www.radiopresidenteibanez.cl\/web\/wp-json\/wp\/v2\/types\/post"}],"author":[{"embeddable":true,"href":"https:\/\/www.radiopresidenteibanez.cl\/web\/wp-json\/wp\/v2\/users\/2"}],"replies":[{"embeddable":true,"href":"https:\/\/www.radiopresidenteibanez.cl\/web\/wp-json\/wp\/v2\/comments?post=50387"}],"version-history":[{"count":0,"href":"https:\/\/www.radiopresidenteibanez.cl\/web\/wp-json\/wp\/v2\/posts\/50387\/revisions"}],"wp:featuredmedia":[{"embeddable":true,"href":"https:\/\/www.radiopresidenteibanez.cl\/web\/wp-json\/wp\/v2\/media\/50388"}],"wp:attachment":[{"href":"https:\/\/www.radiopresidenteibanez.cl\/web\/wp-json\/wp\/v2\/media?parent=50387"}],"wp:term":[{"taxonomy":"category","embeddable":true,"href":"https:\/\/www.radiopresidenteibanez.cl\/web\/wp-json\/wp\/v2\/categories?post=50387"},{"taxonomy":"post_tag","embeddable":true,"href":"https:\/\/www.radiopresidenteibanez.cl\/web\/wp-json\/wp\/v2\/tags?post=50387"}],"curies":[{"name":"wp","href":"https:\/\/api.w.org\/{rel}","templated":true}]}}