{"id":50384,"date":"2024-08-06T12:44:00","date_gmt":"2024-08-06T15:44:00","guid":{"rendered":"https:\/\/www.radiopresidenteibanez.cl\/web\/?p=50384"},"modified":"2024-08-06T10:49:01","modified_gmt":"2024-08-06T13:49:01","slug":"consejeros-regionales-aprueban-convenio-para-fortalecer-la-agricultura-familiar-campesina-en-magallanes","status":"publish","type":"post","link":"https:\/\/www.radiopresidenteibanez.cl\/web\/consejeros-regionales-aprueban-convenio-para-fortalecer-la-agricultura-familiar-campesina-en-magallanes\/","title":{"rendered":"CONSEJEROS REGIONALES APRUEBAN CONVENIO PARA FORTALECER LA AGRICULTURA FAMILIAR CAMPESINA EN MAGALLANES"},"content":{"rendered":"\n<p>En una votaci\u00f3n un\u00e1nime, los Consejeros Regionales aprobaron el innovador programa de \u00abTransferencia tecnol\u00f3gica e inversi\u00f3n para la Agricultura Familiar Campesina (AFC)\u00bb presentado por INDAP. Con una inversi\u00f3n de poco m\u00e1s de 3 mil 200 millones de pesos, esta iniciativa busca fortalecer la infraestructura agr\u00edcola y mejorar las competencias de los agricultores en tiempos de crisis clim\u00e1ticas.<\/p>\n\n\n\n<p>La votaci\u00f3n se realiz\u00f3 en presencia de dirigentes campesinas, j\u00f3venes rurales y autoridades del sector agr\u00edcola, quienes sellaron el compromiso con un aplauso. Ya en la ma\u00f1ana, la comisi\u00f3n de presupuesto hab\u00eda aprobado los recursos por unanimidad, augurando un buen resultado.<\/p>\n\n\n\n<p>Durante la sesi\u00f3n, el agricultor Gonzalo Castillo ley\u00f3 una carta de intenciones escrita por los j\u00f3venes del programa de J\u00f3venes Rurales de INDAP. \u00abSo\u00f1amos con una mayor participaci\u00f3n de la juventud en la agricultura, continuando el legado de nuestros mayores. Queremos que aquellos que migraron por razones laborales puedan volver a sus tierras o adquirir terreno propio, y que nuevos j\u00f3venes sin conocimiento de agricultura se sientan atra\u00eddos por este hermoso oficio\u00bb, expres\u00f3 Castillo.<\/p>\n\n\n\n<p>Adem\u00e1s, destac\u00f3 el compromiso de los j\u00f3venes con la agroecolog\u00eda y la hidropon\u00eda, promoviendo pr\u00e1cticas agr\u00edcolas sostenibles en el contexto de la crisis h\u00eddrica global.<\/p>\n\n\n\n<p>Patricia Delgado, dirigente del Consejo Asesor Campesino, valor\u00f3 el aporte y agradeci\u00f3 el compromiso de los consejeros. \u00abEste es el segundo convenio que INDAP construye con el Gobierno Regional. El primero, aprobado en 2017, transform\u00f3 el campo y eso se nota en las ferias y lo comprueba la comunidad. Pero a\u00fan hay mucho m\u00e1s por crecer y esperamos avanzar hasta poder satisfacer la demanda regional\u00bb, indic\u00f3.<\/p>\n\n\n\n<p>Varios consejeros expresaron su apoyo al proyecto. Magdiel Guerrero fue uno de los m\u00e1s aplaudidos, felicitando a los campesinos por su esfuerzo y resiliencia. \u00abUstedes cultivan la esperanza y la resiliencia, peleando contra la incertidumbre, valores que hoy van en retirada\u00bb, precis\u00f3 Guerrero.<\/p>\n\n\n\n<p>El director regional de INDAP, Gabriel Zegers, destac\u00f3 que este programa ayuda a reducir la brecha de desigualdad entre los campesinos de la regi\u00f3n y el resto del pa\u00eds. \u00abLa agricultura familiar campesina genera el 57% de los alimentos del pa\u00eds, y en Magallanes, este porcentaje est\u00e1 entre el 11% y 15%. El desaf\u00edo es aumentar la productividad, mejorar las tecnolog\u00edas y desarrollar una agricultura sustentable que cuide el agua, recupere suelos degradados y entregue alimentos sanos y frescos a la comunidad\u00bb, afirm\u00f3 Zegers.<\/p>\n\n\n\n<p>El gobernador regional, Jorge Flies, valor\u00f3 el apoyo de los consejeros y subray\u00f3 el potencial de crecimiento del proyecto para la regi\u00f3n. Destac\u00f3 que, aunque fue un proyecto complejo, cont\u00f3 con la participaci\u00f3n activa de los agricultores y tiene como objetivo avanzar hacia la soberan\u00eda alimentaria. Flies record\u00f3 que, cuando era Intendente, lider\u00f3 el primer convenio suscrito con INDAP en 2017, el cual fue un \u00e9xito rotundo.<\/p>\n\n\n\n<p>Finalmente, la seremi de Agricultura, Irene Ram\u00edrez, asegur\u00f3 que este convenio deja en buen pie al sector y que los avances comenzar\u00e1n a ser notorios en la presente temporada. Adem\u00e1s, explic\u00f3 que el actual convenio se centra en apoyar principalmente a los j\u00f3venes y a las mujeres.<\/p>\n\n\n\n<p>\u201cAgradecemos la mirada estrat\u00e9gica del gobierno regional para fortalecer la agricultura familiar campesina, lo que permitir\u00e1 avanzar en la seguridad y soberan\u00eda alimentaria de nuestra regi\u00f3n, uno de los principales lineamientos del ministerio de agricultura en la administraci\u00f3n&nbsp; del presidente Boric\u201d, se\u00f1al\u00f3 Ram\u00edrez.<\/p>\n\n\n\n<p>&#8230;<\/p>\n","protected":false},"excerpt":{"rendered":"<p>En una votaci\u00f3n un\u00e1nime, los Consejeros Regionales aprobaron el innovador programa de \u00abTransferencia tecnol\u00f3gica e inversi\u00f3n para la Agricultura Familiar Campesina (AFC)\u00bb presentado por INDAP. Con una inversi\u00f3n de poco&#8230; <a class=\"read-more\" href=\"https:\/\/www.radiopresidenteibanez.cl\/web\/consejeros-regionales-aprueban-convenio-para-fortalecer-la-agricultura-familiar-campesina-en-magallanes\/\">Leer m\u00e1s<\/a><\/p>\n","protected":false},"author":2,"featured_media":50385,"comment_status":"closed","ping_status":"closed","sticky":false,"template":"","format":"standard","meta":{"footnotes":""},"categories":[1],"tags":[],"class_list":["post-50384","post","type-post","status-publish","format-standard","has-post-thumbnail","hentry","category-cronica"],"_links":{"self":[{"href":"https:\/\/www.radiopresidenteibanez.cl\/web\/wp-json\/wp\/v2\/posts\/50384","targetHints":{"allow":["GET"]}}],"collection":[{"href":"https:\/\/www.radiopresidenteibanez.cl\/web\/wp-json\/wp\/v2\/posts"}],"about":[{"href":"https:\/\/www.radiopresidenteibanez.cl\/web\/wp-json\/wp\/v2\/types\/post"}],"author":[{"embeddable":true,"href":"https:\/\/www.radiopresidenteibanez.cl\/web\/wp-json\/wp\/v2\/users\/2"}],"replies":[{"embeddable":true,"href":"https:\/\/www.radiopresidenteibanez.cl\/web\/wp-json\/wp\/v2\/comments?post=50384"}],"version-history":[{"count":0,"href":"https:\/\/www.radiopresidenteibanez.cl\/web\/wp-json\/wp\/v2\/posts\/50384\/revisions"}],"wp:featuredmedia":[{"embeddable":true,"href":"https:\/\/www.radiopresidenteibanez.cl\/web\/wp-json\/wp\/v2\/media\/50385"}],"wp:attachment":[{"href":"https:\/\/www.radiopresidenteibanez.cl\/web\/wp-json\/wp\/v2\/media?parent=50384"}],"wp:term":[{"taxonomy":"category","embeddable":true,"href":"https:\/\/www.radiopresidenteibanez.cl\/web\/wp-json\/wp\/v2\/categories?post=50384"},{"taxonomy":"post_tag","embeddable":true,"href":"https:\/\/www.radiopresidenteibanez.cl\/web\/wp-json\/wp\/v2\/tags?post=50384"}],"curies":[{"name":"wp","href":"https:\/\/api.w.org\/{rel}","templated":true}]}}