{"id":50381,"date":"2024-08-06T11:36:00","date_gmt":"2024-08-06T14:36:00","guid":{"rendered":"https:\/\/www.radiopresidenteibanez.cl\/web\/?p=50381"},"modified":"2024-08-06T10:38:35","modified_gmt":"2024-08-06T13:38:35","slug":"puta-jefe-no-sea-mala-onda-puta-jefe-no-sea-maricon-puta-jefe-no-me-deje-sin-pega-oh-no-nada-que-comer-canta-glup","status":"publish","type":"post","link":"https:\/\/www.radiopresidenteibanez.cl\/web\/puta-jefe-no-sea-mala-onda-puta-jefe-no-sea-maricon-puta-jefe-no-me-deje-sin-pega-oh-no-nada-que-comer-canta-glup\/","title":{"rendered":"Puta jefe no sea mala onda puta jefe no sea maric\u00f3n puta jefe no me deje sin pega oh no nada que comer..\u00bb canta Glup"},"content":{"rendered":"\n<p>Es importante reiterar la invitaci\u00f3n a los dirigentes para que analicen con rigurosidad los pasos a dar entre la votaci\u00f3n de huelga y la solicitud de mediaci\u00f3n obligatoria.<br>Siempre orientamos a conciliar con la inspecci\u00f3n del trabajo todo lo relativo a las fechas en que vencen las diferentes instancias, particularmente en la negociaci\u00f3ncolectiva. Esto, porque en una reciente negociaci\u00f3n tuvimos una diferencia de un d\u00eda con la autoridad respecto del tope para pedir mediaci\u00f3n.<br>Lo mejor en estos casos es entender que el criterio que debe primar es el que oriente la Inspecci\u00f3n del Trabajo respectiva, por qu\u00e9 eso nos pondr\u00e1 a cubierto de cualquier error involuntario o una apreciaci\u00f3n que pudiera no ser la correcta.<br>O sea, m\u00e1s all\u00e1 de definir el calendario es bueno que la directiva sindical ratifique la fechas con quienes est\u00e1n a cargo del proceso de negociaci\u00f3n en la Inspecci\u00f3n, as\u00ed evitamos cuestiones que nos puedan perjudicar.<\/p>\n\n\n\n<p>2.- La legislaci\u00f3n establece en el art\u00edculo 351 que dentro de los 4 d\u00edas siguientes de acordada la huelga, cualquiera de las partes podr\u00e1 solicitar la mediaci\u00f3n obligatoria de la Inspecci\u00f3n, por lo que producida la votaci\u00f3n en la ma\u00f1ana o la tarde de un d\u00eda, a contar del d\u00eda siguiente hay 4 d\u00edas para que cualquiera de las partes pueda pedir dicha mediaci\u00f3n, reiterando el concepto de que no est\u00e1n los trabajadores obligados a solicitarla.<br>No obstante y si el cuarto d\u00eda cae en d\u00eda sabado, se debe tener claro que el plazo para pedir la mediaci\u00f3n se extiende hasta el dia lunes siguiente siempre que este no sea feriado, pues en este caso se aplicar\u00e1 lo que indica el inciso final del art\u00edculo 312 \u00ab..cuando un plazo venciere en sabado domingo o festivo se entender\u00e1 prorrogado hasta el d\u00eda h\u00e1bil siguiente.\u00bb<br>Nunca dejemos de hacer todas las consultas que se requieran cuando se trata de plazos a cumplir.<\/p>\n","protected":false},"excerpt":{"rendered":"<p>Es importante reiterar la invitaci\u00f3n a los dirigentes para que analicen con rigurosidad los pasos a dar entre la votaci\u00f3n de huelga y la solicitud de mediaci\u00f3n obligatoria.Siempre orientamos a&#8230; <a class=\"read-more\" href=\"https:\/\/www.radiopresidenteibanez.cl\/web\/puta-jefe-no-sea-mala-onda-puta-jefe-no-sea-maricon-puta-jefe-no-me-deje-sin-pega-oh-no-nada-que-comer-canta-glup\/\">Leer m\u00e1s<\/a><\/p>\n","protected":false},"author":2,"featured_media":50382,"comment_status":"closed","ping_status":"closed","sticky":false,"template":"","format":"standard","meta":{"footnotes":""},"categories":[1],"tags":[],"class_list":["post-50381","post","type-post","status-publish","format-standard","has-post-thumbnail","hentry","category-cronica"],"_links":{"self":[{"href":"https:\/\/www.radiopresidenteibanez.cl\/web\/wp-json\/wp\/v2\/posts\/50381","targetHints":{"allow":["GET"]}}],"collection":[{"href":"https:\/\/www.radiopresidenteibanez.cl\/web\/wp-json\/wp\/v2\/posts"}],"about":[{"href":"https:\/\/www.radiopresidenteibanez.cl\/web\/wp-json\/wp\/v2\/types\/post"}],"author":[{"embeddable":true,"href":"https:\/\/www.radiopresidenteibanez.cl\/web\/wp-json\/wp\/v2\/users\/2"}],"replies":[{"embeddable":true,"href":"https:\/\/www.radiopresidenteibanez.cl\/web\/wp-json\/wp\/v2\/comments?post=50381"}],"version-history":[{"count":0,"href":"https:\/\/www.radiopresidenteibanez.cl\/web\/wp-json\/wp\/v2\/posts\/50381\/revisions"}],"wp:featuredmedia":[{"embeddable":true,"href":"https:\/\/www.radiopresidenteibanez.cl\/web\/wp-json\/wp\/v2\/media\/50382"}],"wp:attachment":[{"href":"https:\/\/www.radiopresidenteibanez.cl\/web\/wp-json\/wp\/v2\/media?parent=50381"}],"wp:term":[{"taxonomy":"category","embeddable":true,"href":"https:\/\/www.radiopresidenteibanez.cl\/web\/wp-json\/wp\/v2\/categories?post=50381"},{"taxonomy":"post_tag","embeddable":true,"href":"https:\/\/www.radiopresidenteibanez.cl\/web\/wp-json\/wp\/v2\/tags?post=50381"}],"curies":[{"name":"wp","href":"https:\/\/api.w.org\/{rel}","templated":true}]}}