{"id":5038,"date":"2019-06-14T18:28:28","date_gmt":"2019-06-14T18:28:28","guid":{"rendered":"http:\/\/www.radiopresidenteibanez.cl\/web\/?p=5038"},"modified":"2019-06-14T18:28:48","modified_gmt":"2019-06-14T18:28:48","slug":"bluriver-bautizo-nuevo-ponton-que-operara-en-estero-cordova","status":"publish","type":"post","link":"https:\/\/www.radiopresidenteibanez.cl\/web\/bluriver-bautizo-nuevo-ponton-que-operara-en-estero-cordova\/","title":{"rendered":"BLURIVER BAUTIZ\u00d3 NUEVO PONT\u00d3N QUE OPERAR\u00c1 EN ESTERO C\u00d3RDOVA"},"content":{"rendered":"\n<p>Con una ceremonia que\nse realiz\u00f3 en la Fundaci\u00f3n Chinquihue en Puerto Montt, BluRiver bautiz\u00f3 el\nnuevo pont\u00f3n&nbsp; \u201cLago Blanco\u201d que operar\u00e1\nen el Estero C\u00f3rdova. <\/p>\n\n\n\n<p>El nuevo artefacto\nnaval, dise\u00f1ado y construido especialmente para las condiciones clim\u00e1ticas de\nMagallanes, cuenta con 36 metros de eslora, capacidad para 20 personas y ser\u00e1 destinado al quinto centro de\ncultivo que la compa\u00f1\u00eda pondr\u00e1 en operaciones en septiembre de 2019 en\nMagallanes.<\/p>\n\n\n\n<p>\u201cCon\nla inauguraci\u00f3n de este pont\u00f3n estamos avanzando en la puesta en marcha de un\nnuevo centro que en tres meses m\u00e1s iniciar\u00e1 sus operaciones en Estero C\u00f3rdova,\nun territorio menos accesible que nuestros actuales centros en Skyring y Puerto\nNatales. Lo bueno es que terminamos de construir un tipo de pont\u00f3n que ya ha\nsido probado en otros dos centros de cultivo en Magallanes. Sabemos que nos\nresuelve todos los problemas que tenemos, que son b\u00e1sicamente de habitabilidad c\u00f3moda\nde nuestra gente, seguridad para cuando hay malas condiciones clim\u00e1ticas y\nadem\u00e1s permite poder entregar, a nuestros salmones, la cantidad de alimento que\nnecesitamos entregar y en la forma que corresponde. Estamos todos s\u00faper\ncontentos y orgullosos porque es un paso m\u00e1s dentro del proyecto BluRiver en\nMagallanes, as\u00ed que vamos avanzando a paso firme. Deseamos que el Lago Blanco\nsea un gran aporte al desempe\u00f1o productivo y operativo que esperamos obtener en\nC\u00f3rdova y que sirva para animar las ganas de todos quienes tenemos el deseo de\npartir operando en esa zona\u201d, manifest\u00f3 Ignacio Covacevich, Gerente de Salmones\nXII Regi\u00f3n BluRiver.<\/p>\n\n\n\n<p>Junto\ncon agradecer a todos quienes trabajaron e hicieron posible contar con este\nartefacto naval, que entrega la tranquilidad y la confianza para operar en\ncondiciones extremas, Covacevich a\u00f1adi\u00f3 \u201cvaloramos much\u00edsimo el esfuerzo y\ncompromiso volcado en este proyecto, y nos alegra y enorgullece el tener una\nraz\u00f3n m\u00e1s para celebrar que el proyecto BluRiver se consolida en Magallanes\u201d. <\/p>\n\n\n\n<p>La\nbendici\u00f3n y el tradicional corte de cinta que da el vamos a este pont\u00f3n, estuvo\nacompa\u00f1ado por trabajadores de BluRiver y colaboradores y ejecutivos de Blumar,\nque han sido un pilar fundamental para la puesta en marcha de las operaciones\nde la compa\u00f1\u00eda en Magallanes.<\/p>\n\n\n\n<p>El Gerente General de Salmones Blumar, Gerardo Balbont\u00edn, explic\u00f3\u00a0 que \u201ces un hito grande. BluRiver de a poco va tomando cuerpo, este proyecto que en alg\u00fan momento llamamos proyecto XII Regi\u00f3n, hoy d\u00eda ya es una empresa que tiene actividades, es como un ni\u00f1o que va creciendo y cada vez va tomando m\u00e1s vida propia, as\u00ed que es un orgullo y con muchas ganas de que vayan resultando bien las cosas\u201d.<\/p>\n\n\n\n<figure class=\"wp-block-image\"><img loading=\"lazy\" decoding=\"async\" width=\"840\" height=\"560\" src=\"https:\/\/www.radiopresidenteibanez.cl\/web\/wp-content\/uploads\/2019\/06\/Lago-Blanco.jpg\" alt=\"\" class=\"wp-image-5039\" srcset=\"https:\/\/www.radiopresidenteibanez.cl\/web\/wp-content\/uploads\/2019\/06\/Lago-Blanco.jpg 840w, https:\/\/www.radiopresidenteibanez.cl\/web\/wp-content\/uploads\/2019\/06\/Lago-Blanco-300x200.jpg 300w, https:\/\/www.radiopresidenteibanez.cl\/web\/wp-content\/uploads\/2019\/06\/Lago-Blanco-768x512.jpg 768w\" sizes=\"auto, (max-width: 840px) 100vw, 840px\" \/><\/figure>\n","protected":false},"excerpt":{"rendered":"<p>Con una ceremonia que se realiz\u00f3 en la Fundaci\u00f3n Chinquihue en Puerto Montt, BluRiver bautiz\u00f3 el nuevo pont\u00f3n&nbsp; \u201cLago Blanco\u201d que operar\u00e1 en el Estero C\u00f3rdova. El nuevo artefacto naval,&#8230; <a class=\"read-more\" href=\"https:\/\/www.radiopresidenteibanez.cl\/web\/bluriver-bautizo-nuevo-ponton-que-operara-en-estero-cordova\/\">Leer m\u00e1s<\/a><\/p>\n","protected":false},"author":2,"featured_media":5039,"comment_status":"closed","ping_status":"closed","sticky":false,"template":"","format":"standard","meta":{"footnotes":""},"categories":[1],"tags":[],"class_list":["post-5038","post","type-post","status-publish","format-standard","has-post-thumbnail","hentry","category-cronica"],"_links":{"self":[{"href":"https:\/\/www.radiopresidenteibanez.cl\/web\/wp-json\/wp\/v2\/posts\/5038","targetHints":{"allow":["GET"]}}],"collection":[{"href":"https:\/\/www.radiopresidenteibanez.cl\/web\/wp-json\/wp\/v2\/posts"}],"about":[{"href":"https:\/\/www.radiopresidenteibanez.cl\/web\/wp-json\/wp\/v2\/types\/post"}],"author":[{"embeddable":true,"href":"https:\/\/www.radiopresidenteibanez.cl\/web\/wp-json\/wp\/v2\/users\/2"}],"replies":[{"embeddable":true,"href":"https:\/\/www.radiopresidenteibanez.cl\/web\/wp-json\/wp\/v2\/comments?post=5038"}],"version-history":[{"count":0,"href":"https:\/\/www.radiopresidenteibanez.cl\/web\/wp-json\/wp\/v2\/posts\/5038\/revisions"}],"wp:featuredmedia":[{"embeddable":true,"href":"https:\/\/www.radiopresidenteibanez.cl\/web\/wp-json\/wp\/v2\/media\/5039"}],"wp:attachment":[{"href":"https:\/\/www.radiopresidenteibanez.cl\/web\/wp-json\/wp\/v2\/media?parent=5038"}],"wp:term":[{"taxonomy":"category","embeddable":true,"href":"https:\/\/www.radiopresidenteibanez.cl\/web\/wp-json\/wp\/v2\/categories?post=5038"},{"taxonomy":"post_tag","embeddable":true,"href":"https:\/\/www.radiopresidenteibanez.cl\/web\/wp-json\/wp\/v2\/tags?post=5038"}],"curies":[{"name":"wp","href":"https:\/\/api.w.org\/{rel}","templated":true}]}}