{"id":50376,"date":"2024-08-06T09:23:00","date_gmt":"2024-08-06T12:23:00","guid":{"rendered":"https:\/\/www.radiopresidenteibanez.cl\/web\/?p=50376"},"modified":"2024-08-06T08:47:09","modified_gmt":"2024-08-06T11:47:09","slug":"consejero-cardenas-destaco-millonaria-inversion-para-soberania-alimentaria-en-magallanes","status":"publish","type":"post","link":"https:\/\/www.radiopresidenteibanez.cl\/web\/consejero-cardenas-destaco-millonaria-inversion-para-soberania-alimentaria-en-magallanes\/","title":{"rendered":"CONSEJERO CARDENAS DESTACO MILLONARIA INVERSION PARA SOBERANIA ALIMENTARIA EN MAGALLANES"},"content":{"rendered":"\n<p>Fomentar la agricultura familiar en Magallanes es apoyar la soberan\u00eda alimentaria para la regi\u00f3n y sus habitantes en momentos en que el clima, la contingencia o cualquier otro factor externo impida la llegada de alimentos hort\u00edcolas desde otras zonas del pa\u00eds. As\u00ed valor\u00f3 el consejero regional Rodolfo C\u00e1rdenas la inversi\u00f3n que esta tarde aprob\u00f3 el Consejo Regional para fortalecer la producci\u00f3n agr\u00edcola local.<\/p>\n\n\n\n<p>La iniciativa llevada ante el pleno del Core, denominada Transferencia de recursos para fortalecer la Soberan\u00eda Alimentaria de la agricultura familiar campesina ind\u00edgena de Magallanes por poco m\u00e1s de 3.262 millones de pesos, adem\u00e1s de ir en directo beneficio a las y los agricultores regionales y sus iniciativas productivas, les permitir\u00e1 contar con un equipo t\u00e9cnico de profesionales de manera permanente por tres a\u00f1os, a modo de asesores productivos para sacar adelante sus cultivos.<\/p>\n\n\n\n<p>Y es que no es f\u00e1cil hacer que la tierra entregue sus frutos en un territorio con condiciones clim\u00e1ticas tan caracter\u00edsticas como las de Magallanes, pero bien cit\u00f3 el consejero C\u00e1rdenas a una de las agricultoras que expuso ante la comisi\u00f3n evaluadora: \u201cS\u00ed es posible producir alimentos en Magallanes, y eso tiene tremenda significancia (\u2026) permitir que la regi\u00f3n ejerza por fin un avance m\u00e1s en soberan\u00eda alimentaria, nos va a permitir en casos de pandemia, cierre de fronteras o cuando la nieve no nos permite el tr\u00e1nsito de los camiones, consumir alimentos que sean producidos por manos de hombres, mujeres y j\u00f3venes campesinos que dedican su tiempo al desarrollo y bienestar de todos nosotros\u201d, intervino el representante de Tierra del Fuego.<\/p>\n","protected":false},"excerpt":{"rendered":"<p>Fomentar la agricultura familiar en Magallanes es apoyar la soberan\u00eda alimentaria para la regi\u00f3n y sus habitantes en momentos en que el clima, la contingencia o cualquier otro factor externo&#8230; <a class=\"read-more\" href=\"https:\/\/www.radiopresidenteibanez.cl\/web\/consejero-cardenas-destaco-millonaria-inversion-para-soberania-alimentaria-en-magallanes\/\">Leer m\u00e1s<\/a><\/p>\n","protected":false},"author":2,"featured_media":50377,"comment_status":"closed","ping_status":"closed","sticky":false,"template":"","format":"standard","meta":{"footnotes":""},"categories":[1],"tags":[],"class_list":["post-50376","post","type-post","status-publish","format-standard","has-post-thumbnail","hentry","category-cronica"],"_links":{"self":[{"href":"https:\/\/www.radiopresidenteibanez.cl\/web\/wp-json\/wp\/v2\/posts\/50376","targetHints":{"allow":["GET"]}}],"collection":[{"href":"https:\/\/www.radiopresidenteibanez.cl\/web\/wp-json\/wp\/v2\/posts"}],"about":[{"href":"https:\/\/www.radiopresidenteibanez.cl\/web\/wp-json\/wp\/v2\/types\/post"}],"author":[{"embeddable":true,"href":"https:\/\/www.radiopresidenteibanez.cl\/web\/wp-json\/wp\/v2\/users\/2"}],"replies":[{"embeddable":true,"href":"https:\/\/www.radiopresidenteibanez.cl\/web\/wp-json\/wp\/v2\/comments?post=50376"}],"version-history":[{"count":0,"href":"https:\/\/www.radiopresidenteibanez.cl\/web\/wp-json\/wp\/v2\/posts\/50376\/revisions"}],"wp:featuredmedia":[{"embeddable":true,"href":"https:\/\/www.radiopresidenteibanez.cl\/web\/wp-json\/wp\/v2\/media\/50377"}],"wp:attachment":[{"href":"https:\/\/www.radiopresidenteibanez.cl\/web\/wp-json\/wp\/v2\/media?parent=50376"}],"wp:term":[{"taxonomy":"category","embeddable":true,"href":"https:\/\/www.radiopresidenteibanez.cl\/web\/wp-json\/wp\/v2\/categories?post=50376"},{"taxonomy":"post_tag","embeddable":true,"href":"https:\/\/www.radiopresidenteibanez.cl\/web\/wp-json\/wp\/v2\/tags?post=50376"}],"curies":[{"name":"wp","href":"https:\/\/api.w.org\/{rel}","templated":true}]}}