{"id":50373,"date":"2024-08-06T08:14:21","date_gmt":"2024-08-06T11:14:21","guid":{"rendered":"https:\/\/www.radiopresidenteibanez.cl\/web\/?p=50373"},"modified":"2024-08-06T08:14:25","modified_gmt":"2024-08-06T11:14:25","slug":"95-estudiantes-y-trabajadores-magallanicos-ceertificaron-sus-competencias-laborales-gracias-a-sence-y-chilevalora","status":"publish","type":"post","link":"https:\/\/www.radiopresidenteibanez.cl\/web\/95-estudiantes-y-trabajadores-magallanicos-ceertificaron-sus-competencias-laborales-gracias-a-sence-y-chilevalora\/","title":{"rendered":"95 ESTUDIANTES Y TRABAJADORES MAGALLANICOS CEERTIFICARON SUS COMPETENCIAS LABORALES GRACIAS A SENCE Y CHILEVALORA"},"content":{"rendered":"\n<p>En el Sal\u00f3n del Liceo Industrial Bicentenario de Excelencia, Armando Quezada Acharan de Punta Arenas, se realiz\u00f3 la primera jornada de certificaci\u00f3n de competencias laborales, proceso impulsado por SENCE Magallanes y ChileValora en coordinaci\u00f3n con el Centro de<br>Evaluaci\u00f3n y Certificaci\u00f3n de Competencias Laborales, Ecerlab Spa.; donde 14 j\u00f3venes de 4\u00b0 medio<br>T\u00e9cnico Profesional del Liceo Industrial, obtuvieron sus certificaciones como soldadores\/as.<br>En tanto, otras 61 personas trabajadoras de la comuna recibieron lo propio por sus competencias<br>como Cajeros\/as, Instaladores\/as de Paneles Solares Fotovoltaicos y, tambi\u00e9n, Soldadores\/as.<br>El mismo ejercicio se realiz\u00f3 en la ciudad de Puerto Natales, en dependencias del Liceo Polit\u00e9cnico Luis Cruz Mart\u00ednez, donde 20 alumnos\/as, 18 hombres y 2 mujeres, se certificaron en el perfil de<br>Soldador\/a; ceremonia a la que asistieron el concejal, Marcelo Contreras; la coordinadora regional de ChileValora, Marilyn C\u00e1rdenas; la directora regional (s) de SENCE, Doris Manquian Cuminao, el director del Liceo, Juan Crovetto Figueroa y representantes de las Carteras del Trabajo, Secreduc entre otros.<br>Punta Arenas<br>En la ceremonia realizada en la capital regional participaron el Gobernador Regional, Jorge Flies A\u00f1\u00f3n, la directora regional (s) de SENCE, Doris Manquian Cuminao; la seremi del Trabajo y Previsi\u00f3n Social, Doris Sandoval Miranda; la jefa de gabinete de ChileValora, Romina Brevetti y los titulares regionales de las Carteras de Energ\u00eda, Seremi de Gobierno, Mujer y Equidad de G\u00e9nero, Hacienda, Econom\u00eda Fomento Productivo y Turismo, entre otros.<br>Tras la entrega de los certificados, el Gobernador expres\u00f3: \u201cestas ceremonias son las que cambian la vida de las personas. Yo me encuentro muy contento de poder acompa\u00f1ar a Sence, ChileValora y la seremi del Trabajo en un ejercicio que est\u00e1n haciendo de maravilla en Magallanes y, tambi\u00e9n, a este liceo emblem\u00e1tico de la regi\u00f3n\u201d.<br>La coordinadora de ChileValora, Marilyn C\u00e1rdenas, quiso detallar que, en la instancia, \u201cse certificaron perfiles en soldadura, con estudiantes de cuarto medio del Liceo Industrial de Punta Arenas, tambi\u00e9n cajeros de dos supermercados de Zona Franca y tambi\u00e9n instaladores fotovoltaicos de empresas varias, por lo tanto, estamos muy felices, porque estamos avanzando en certificar a m\u00e1s trabajadores de la regi\u00f3n de Magallanes y eso nos tiene muy contentas\u201d.<br>Entre estudiantes y trabajadores, se certificaron 37 soldadores\/as, 20 cajeros\/as y 18 Instaladores\/as de Paneles Solares Fotovoltaicos; del total, 53 son hombres y 32, mujeres; 14, cursan 4\u00b0 medio en el Liceo Industrial y las dem\u00e1s personas, trabajan en empresas locales como, ASMAR, Celectric Chile, Central Carnes y Supermercado Rofil.<br>Durante la ceremonia, la alumna, Casandra Silva Castillo, se dirigi\u00f3 al p\u00fablico en representaci\u00f3n de sus compa\u00f1eros y, luego, entreg\u00f3 sus impresiones al respecto: \u201cPara m\u00ed y mis compa\u00f1eros es una<br>oportunidad demasiado importante porque somos los primeros certificados en el liceo. Ahora que<br>vamos a salir de cuarto, es bastante importante tener este certificado porque nos va a ayudar para<br>encontrar trabajo, el sueldo y bastantes cosas m\u00e1s\u201d.<br>En tanto, la \u00fanica mujer que se certific\u00f3 como Instaladora de paneles fotovoltaicos, pionera en la<br>regi\u00f3n y la segunda a nivel nacional, Johanna Valverde Mart\u00ednez, dijo que este nuevo logro en su<br>trayectoria laboral era muy importante, \u201ces dif\u00edcil para el g\u00e9nero y me siento orgullosa de que<br>ChileValora haya reconocido a una mujer ac\u00e1 en Magallanes, siendo este un rubro muy masculino, por lo que para m\u00ed representar a las mujeres es algo sumamente importante\u201d.<br>Para la directora regional (s) de SENCE, Doris Manquian Cuminao, todo el proceso fue gratificante,<br>\u201cestamos llegando a un \u00e1rea que no siempre llegamos, por tanto, este trabajo colaborativo con<br>ChileValora, es muy significativo tambi\u00e9n para el Ministerio del Trabajo y Previsi\u00f3n Social. Estamos<br>impulsando que las mujeres se capaciten y certifiquen en competencias, pero en \u00e1reas que de alguna forma son masculinizadas, por tanto, estamos avanzando tambi\u00e9n en materia de g\u00e9nero, como instituci\u00f3n y como gobierno\u201d.<br>Por su parte, la seremi del Trabajo y Previsi\u00f3n Social, Doris Sandoval Miranda, felicit\u00f3 a los y las<br>certificadas: \u201cFestejar y saludar a quienes han logrado esta certificaci\u00f3n que reconoce sus saberes<br>pero que tambi\u00e9n les pone en una perspectiva de mejor empleabilidad. Ese es el desaf\u00edo que tenemos hoy d\u00eda como Cartera, avanzar hacia el trabajo decente, hacia las oportunidades que la regi\u00f3n de Magallanes tiene, con trabajadores y trabajadoras debidamente validados en sus competencias para que puedan servir a la regi\u00f3n de mejor manera. Estamos felices con esta tarea cumplida de forma colaborativa\u201d, enfatiz\u00f3.<\/p>\n","protected":false},"excerpt":{"rendered":"<p>En el Sal\u00f3n del Liceo Industrial Bicentenario de Excelencia, Armando Quezada Acharan de Punta Arenas, se realiz\u00f3 la primera jornada de certificaci\u00f3n de competencias laborales, proceso impulsado por SENCE Magallanes&#8230; <a class=\"read-more\" href=\"https:\/\/www.radiopresidenteibanez.cl\/web\/95-estudiantes-y-trabajadores-magallanicos-ceertificaron-sus-competencias-laborales-gracias-a-sence-y-chilevalora\/\">Leer m\u00e1s<\/a><\/p>\n","protected":false},"author":2,"featured_media":50374,"comment_status":"closed","ping_status":"closed","sticky":false,"template":"","format":"standard","meta":{"footnotes":""},"categories":[1],"tags":[],"class_list":["post-50373","post","type-post","status-publish","format-standard","has-post-thumbnail","hentry","category-cronica"],"_links":{"self":[{"href":"https:\/\/www.radiopresidenteibanez.cl\/web\/wp-json\/wp\/v2\/posts\/50373","targetHints":{"allow":["GET"]}}],"collection":[{"href":"https:\/\/www.radiopresidenteibanez.cl\/web\/wp-json\/wp\/v2\/posts"}],"about":[{"href":"https:\/\/www.radiopresidenteibanez.cl\/web\/wp-json\/wp\/v2\/types\/post"}],"author":[{"embeddable":true,"href":"https:\/\/www.radiopresidenteibanez.cl\/web\/wp-json\/wp\/v2\/users\/2"}],"replies":[{"embeddable":true,"href":"https:\/\/www.radiopresidenteibanez.cl\/web\/wp-json\/wp\/v2\/comments?post=50373"}],"version-history":[{"count":0,"href":"https:\/\/www.radiopresidenteibanez.cl\/web\/wp-json\/wp\/v2\/posts\/50373\/revisions"}],"wp:featuredmedia":[{"embeddable":true,"href":"https:\/\/www.radiopresidenteibanez.cl\/web\/wp-json\/wp\/v2\/media\/50374"}],"wp:attachment":[{"href":"https:\/\/www.radiopresidenteibanez.cl\/web\/wp-json\/wp\/v2\/media?parent=50373"}],"wp:term":[{"taxonomy":"category","embeddable":true,"href":"https:\/\/www.radiopresidenteibanez.cl\/web\/wp-json\/wp\/v2\/categories?post=50373"},{"taxonomy":"post_tag","embeddable":true,"href":"https:\/\/www.radiopresidenteibanez.cl\/web\/wp-json\/wp\/v2\/tags?post=50373"}],"curies":[{"name":"wp","href":"https:\/\/api.w.org\/{rel}","templated":true}]}}