{"id":50364,"date":"2024-08-05T16:06:00","date_gmt":"2024-08-05T19:06:00","guid":{"rendered":"https:\/\/www.radiopresidenteibanez.cl\/web\/?p=50364"},"modified":"2024-08-05T15:18:25","modified_gmt":"2024-08-05T18:18:25","slug":"todo-listo-para-inedita-eleccion-del-consejo-local-de-educacion-publica-slep-magallanes","status":"publish","type":"post","link":"https:\/\/www.radiopresidenteibanez.cl\/web\/todo-listo-para-inedita-eleccion-del-consejo-local-de-educacion-publica-slep-magallanes\/","title":{"rendered":"TODO LISTO PARA INEDITA ELECCION DEL CONSEJO LOCAL DE EDUCACION PUBLICA SLEP MAGALLANES"},"content":{"rendered":"\n<p>Los d\u00edas 6 y 7 de agosto la educaci\u00f3n p\u00fablica en Magallanes vivir\u00e1 una jornada nunca antes vista con la elecci\u00f3n democr\u00e1tica de los integrantes de Consejo Local de Educaci\u00f3n P\u00fablica, proceso para el cual existe un padr\u00f3n de m\u00e1s de 30 mil electores.<\/p>\n\n\n\n<p>Todas las comunidades educativas del Servicio Local de Educaci\u00f3n P\u00fablica Magallanes est\u00e1n convocadas a votar durante las dos jornadas en sus propios establecimientos educacionales, donde se habilitar\u00e1n las mesas y urnas para recibir los sufragios entre las 8 de la ma\u00f1ana y las 17 horas. En el caso de los recintos que funcionan con jornada vespertina la votaci\u00f3n se har\u00e1 de 16 a 21 horas.<\/p>\n\n\n\n<p>Para esta elecci\u00f3n se inscribieron 143 candidaturas que aspiran a ocupar alguno de los cupos en el Consejo: dos corresponden a los Centros de Estudiantes, dos son de Centros de Padres, Madres y Apoderados, dos de los profesionales de la educaci\u00f3n, dos de los asistentes de la educaci\u00f3n y dos de los equipos directivos y\/o t\u00e9cnico-pedag\u00f3gicos. Estos cargos elegidos se van a complementar con un consejero nombrado por la Universidad de Magallanes y uno del Centro de Formaci\u00f3n T\u00e9cnica de Magallanes.<\/p>\n\n\n\n<p>Cada estamento del sistema escolar est\u00e1 convocado a votar por sus respectivos representantes. Cerca de la mitad de los electores son estudiantes de quinto b\u00e1sico hasta cuarto medio.<\/p>\n\n\n\n<p>El Consejo Local de Educaci\u00f3n P\u00fablica (CLEP) tendr\u00e1 como tarea principal colaborar con el Director Ejecutivo del SLEP Magallanes representando los intereses de las comunidades educativas, para que el servicio educacional considere adecuadamente sus necesidades y particularidades.<\/p>\n","protected":false},"excerpt":{"rendered":"<p>Los d\u00edas 6 y 7 de agosto la educaci\u00f3n p\u00fablica en Magallanes vivir\u00e1 una jornada nunca antes vista con la elecci\u00f3n democr\u00e1tica de los integrantes de Consejo Local de Educaci\u00f3n&#8230; <a class=\"read-more\" href=\"https:\/\/www.radiopresidenteibanez.cl\/web\/todo-listo-para-inedita-eleccion-del-consejo-local-de-educacion-publica-slep-magallanes\/\">Leer m\u00e1s<\/a><\/p>\n","protected":false},"author":2,"featured_media":50365,"comment_status":"closed","ping_status":"closed","sticky":false,"template":"","format":"standard","meta":{"footnotes":""},"categories":[1],"tags":[],"class_list":["post-50364","post","type-post","status-publish","format-standard","has-post-thumbnail","hentry","category-cronica"],"_links":{"self":[{"href":"https:\/\/www.radiopresidenteibanez.cl\/web\/wp-json\/wp\/v2\/posts\/50364","targetHints":{"allow":["GET"]}}],"collection":[{"href":"https:\/\/www.radiopresidenteibanez.cl\/web\/wp-json\/wp\/v2\/posts"}],"about":[{"href":"https:\/\/www.radiopresidenteibanez.cl\/web\/wp-json\/wp\/v2\/types\/post"}],"author":[{"embeddable":true,"href":"https:\/\/www.radiopresidenteibanez.cl\/web\/wp-json\/wp\/v2\/users\/2"}],"replies":[{"embeddable":true,"href":"https:\/\/www.radiopresidenteibanez.cl\/web\/wp-json\/wp\/v2\/comments?post=50364"}],"version-history":[{"count":0,"href":"https:\/\/www.radiopresidenteibanez.cl\/web\/wp-json\/wp\/v2\/posts\/50364\/revisions"}],"wp:featuredmedia":[{"embeddable":true,"href":"https:\/\/www.radiopresidenteibanez.cl\/web\/wp-json\/wp\/v2\/media\/50365"}],"wp:attachment":[{"href":"https:\/\/www.radiopresidenteibanez.cl\/web\/wp-json\/wp\/v2\/media?parent=50364"}],"wp:term":[{"taxonomy":"category","embeddable":true,"href":"https:\/\/www.radiopresidenteibanez.cl\/web\/wp-json\/wp\/v2\/categories?post=50364"},{"taxonomy":"post_tag","embeddable":true,"href":"https:\/\/www.radiopresidenteibanez.cl\/web\/wp-json\/wp\/v2\/tags?post=50364"}],"curies":[{"name":"wp","href":"https:\/\/api.w.org\/{rel}","templated":true}]}}