{"id":50356,"date":"2024-08-05T12:57:00","date_gmt":"2024-08-05T15:57:00","guid":{"rendered":"https:\/\/www.radiopresidenteibanez.cl\/web\/?p=50356"},"modified":"2024-08-05T09:59:31","modified_gmt":"2024-08-05T12:59:31","slug":"tengo-que-pagar-arriendo-el-agua-y-el-gas-tambien-siento-que-me-estan-debiendo-le-voy-a-cobrar-a-quien-canta-juana-fe","status":"publish","type":"post","link":"https:\/\/www.radiopresidenteibanez.cl\/web\/tengo-que-pagar-arriendo-el-agua-y-el-gas-tambien-siento-que-me-estan-debiendo-le-voy-a-cobrar-a-quien-canta-juana-fe\/","title":{"rendered":"Tengo que pagar arriendo el agua y el gas tambi\u00e9n siento que me est\u00e1n debiendo le voy a cobrar a quien ..\u00bb canta Juana Fe"},"content":{"rendered":"\n<p>&nbsp;El cantante Quique Neira, ex vocalista del grupo Godwana, dijo que el movimiento ciudadano de octubre de 2019, conocido como estallido social, \u00abtermin\u00f3 todo en robos de plata, en corrupci\u00f3n\u201d, y se\u00f1al\u00f3 que \u00abse sinti\u00f3 utilizado luego de dar conciertos gratuitos para la causa\u00bb. Sin duda una opini\u00f3n fuerte pero en nuestra opini\u00f3n equivocada, pues al parecer Neira mezcla peras con manzanas, sin hacer ninguna aclaraci\u00f3n intermedia y eso no resulta positivo en alguien cuyas declaraciones se expanden a trav\u00e9s de los medios.<br>En efecto, dicho estallido se produjo por una enorme cantidad de situaciones acumuladas a las cuales los gobiernos no dieron respuesta durante muchos a\u00f1os, entre ellas la corrupci\u00f3n descarada en los municipios y en el gobierno central, el desconocimiento de los dolores de la poblaci\u00f3n y un largo etc\u00e9tera por todos conocido.<br>No fue soluci\u00f3n el mentado acuerdo nacional por una nueva Constituci\u00f3n y la prueba est\u00e1 en que luego de acalladas las protestas, los hechos que las provocaron se mantienen inalterables.<\/p>\n\n\n\n<p>2.- Son muchos los artistas populares que adhirieron a las movilizaciones y participaron en eventos y conciertos, orientados principalmente a hacer conciencia y a motivar a la poblaci\u00f3n para que no siguiera guardando silencio ante tales hechos.<br>Por cierto tal estado de cosas se mantiene y se har\u00e1n necesarias muchas m\u00e1s acciones de sensibilizaci\u00f3n, donde seguir\u00e1n participando quienes tienen claro que es lo que se busca. Utilizar como excusa la actuaci\u00f3n del lumpen y los hechos por todos conocidos para no querer seguir aportando, es una muestra de no entender que el pueblo, los m\u00e1s, siguen descontentos y buscar\u00e1n c\u00f3mo expresar su enojo en m\u00e1s acciones en un tiempo futuro.<br>La verdad es que est\u00e9 o no est\u00e9 Neira en futuras actividades ser\u00e1 algo menor, pues el descontento existe y se agiganta<\/p>\n","protected":false},"excerpt":{"rendered":"<p>&nbsp;El cantante Quique Neira, ex vocalista del grupo Godwana, dijo que el movimiento ciudadano de octubre de 2019, conocido como estallido social, \u00abtermin\u00f3 todo en robos de plata, en corrupci\u00f3n\u201d,&#8230; <a class=\"read-more\" href=\"https:\/\/www.radiopresidenteibanez.cl\/web\/tengo-que-pagar-arriendo-el-agua-y-el-gas-tambien-siento-que-me-estan-debiendo-le-voy-a-cobrar-a-quien-canta-juana-fe\/\">Leer m\u00e1s<\/a><\/p>\n","protected":false},"author":2,"featured_media":50333,"comment_status":"closed","ping_status":"closed","sticky":false,"template":"","format":"standard","meta":{"footnotes":""},"categories":[1],"tags":[],"class_list":["post-50356","post","type-post","status-publish","format-standard","has-post-thumbnail","hentry","category-cronica"],"_links":{"self":[{"href":"https:\/\/www.radiopresidenteibanez.cl\/web\/wp-json\/wp\/v2\/posts\/50356","targetHints":{"allow":["GET"]}}],"collection":[{"href":"https:\/\/www.radiopresidenteibanez.cl\/web\/wp-json\/wp\/v2\/posts"}],"about":[{"href":"https:\/\/www.radiopresidenteibanez.cl\/web\/wp-json\/wp\/v2\/types\/post"}],"author":[{"embeddable":true,"href":"https:\/\/www.radiopresidenteibanez.cl\/web\/wp-json\/wp\/v2\/users\/2"}],"replies":[{"embeddable":true,"href":"https:\/\/www.radiopresidenteibanez.cl\/web\/wp-json\/wp\/v2\/comments?post=50356"}],"version-history":[{"count":0,"href":"https:\/\/www.radiopresidenteibanez.cl\/web\/wp-json\/wp\/v2\/posts\/50356\/revisions"}],"wp:featuredmedia":[{"embeddable":true,"href":"https:\/\/www.radiopresidenteibanez.cl\/web\/wp-json\/wp\/v2\/media\/50333"}],"wp:attachment":[{"href":"https:\/\/www.radiopresidenteibanez.cl\/web\/wp-json\/wp\/v2\/media?parent=50356"}],"wp:term":[{"taxonomy":"category","embeddable":true,"href":"https:\/\/www.radiopresidenteibanez.cl\/web\/wp-json\/wp\/v2\/categories?post=50356"},{"taxonomy":"post_tag","embeddable":true,"href":"https:\/\/www.radiopresidenteibanez.cl\/web\/wp-json\/wp\/v2\/tags?post=50356"}],"curies":[{"name":"wp","href":"https:\/\/api.w.org\/{rel}","templated":true}]}}