{"id":50353,"date":"2024-08-04T09:52:00","date_gmt":"2024-08-04T12:52:00","guid":{"rendered":"https:\/\/www.radiopresidenteibanez.cl\/web\/?p=50353"},"modified":"2024-08-05T09:55:37","modified_gmt":"2024-08-05T12:55:37","slug":"candidata-a-alcaldesa-veronica-aguilar-se-reunio-con-las-y-los-postulantes-al-concejo-municipal-para-iniciar-trabajo-conjunto-para-las-proximas-elecciones-municipales","status":"publish","type":"post","link":"https:\/\/www.radiopresidenteibanez.cl\/web\/candidata-a-alcaldesa-veronica-aguilar-se-reunio-con-las-y-los-postulantes-al-concejo-municipal-para-iniciar-trabajo-conjunto-para-las-proximas-elecciones-municipales\/","title":{"rendered":"Candidata a alcaldesa Ver\u00f3nica Aguilar, se reuni\u00f3 con las y los postulantes al Concejo Municipal para iniciar trabajo conjunto para las pr\u00f3ximas elecciones municipales"},"content":{"rendered":"\n<p>Con la participaci\u00f3n de una veintena de candidatos y candidatas al Concejo Municipal de Punta Arenas, as\u00ed como con la presencia de dirigentes de los partidos de la centroizquierda regional, la candidata \u00fanica del sector progresista a la alcald\u00eda de la capital de la regi\u00f3n magall\u00e1nica, Ver\u00f3nica Aguilar, present\u00f3 sus lineamientos program\u00e1ticos, la conformaci\u00f3n de equipos de campa\u00f1a y el lanzamiento del proceso participativo para la construcci\u00f3n de su propuesta para una ciudad sustentable, que eleve la calidad de vida de sus habitantes y mejore la infraestructura urbana.<\/p>\n\n\n\n<p>La propuesta de Ver\u00f3nica Aguilar -actualmente integrante del Concejo municipal- pone \u00e9nfasis en una visi\u00f3n progresista del gobierno local, que prioriza la calidad de vida de sus habitantes, abre caminos para el desarrollo productivo local, v\u00eda fortalecimiento de pymes, cooperativas, emprendimientos y medianas empresas, fortalecer la institucionalidad de fomento productivo, que ponga de relieve la marca \u201cHecho en Punta Arenas\u201d, para la generaci\u00f3n de empleos.<\/p>\n\n\n\n<p>Uno de los puntos m\u00e1s destacados por los postulantes al concejo municipal, es la priorizaci\u00f3n en el futuro gobierno comunal, salud, bienestar social y humana, de seguridad p\u00fablica, participaci\u00f3n ciudadana, entre otras, siempre con \u00e9nfasis en el cuidado y respeto de los derechos de la mujer, la infancia, personas mayores, discapacidades, diversidades, pueblos originarios, migrantes y memoria.<\/p>\n\n\n\n<p>La reuni\u00f3n que se extendi\u00f3 por casi dos horas, ha sido se\u00f1alada como un hito hist\u00f3rico de unidad y trabajo en equipo, las y los dirigentes pol\u00edticos y candidatas y candidatos, as\u00ed lo destacaron, \u201cestas acciones reflejan que como sector e independientes, estamos mas unidos que nunca y enfocados en dar a nuestros vecinos una alternativa de cambio que sea un salto a un municipio mas moderno y al servicio de nuestra gente, se\u00f1alo la candidata \u00fanica del sector a la alcald\u00eda Ver\u00f3nica Aguilar, quien agrego que cuando se trabaja en equipo, se avanza m\u00e1s y mejor.<\/p>\n\n\n\n<p>. Junto con comentar y proponer otras medidas program\u00e1ticas, los y las candidatas al Concejo Municipal manifestaron su disposici\u00f3n a alcanzar los m\u00e1s altos grados de unidad posible para desarrollar la campa\u00f1a en terreno, con una comunidad de ideas, que en concreto apuntan a hacer de la comuna de Punta Arenas un mejor lugar para vivir.<\/p>\n","protected":false},"excerpt":{"rendered":"<p>Con la participaci\u00f3n de una veintena de candidatos y candidatas al Concejo Municipal de Punta Arenas, as\u00ed como con la presencia de dirigentes de los partidos de la centroizquierda regional,&#8230; <a class=\"read-more\" href=\"https:\/\/www.radiopresidenteibanez.cl\/web\/candidata-a-alcaldesa-veronica-aguilar-se-reunio-con-las-y-los-postulantes-al-concejo-municipal-para-iniciar-trabajo-conjunto-para-las-proximas-elecciones-municipales\/\">Leer m\u00e1s<\/a><\/p>\n","protected":false},"author":2,"featured_media":50354,"comment_status":"closed","ping_status":"closed","sticky":false,"template":"","format":"standard","meta":{"footnotes":""},"categories":[1],"tags":[],"class_list":["post-50353","post","type-post","status-publish","format-standard","has-post-thumbnail","hentry","category-cronica"],"_links":{"self":[{"href":"https:\/\/www.radiopresidenteibanez.cl\/web\/wp-json\/wp\/v2\/posts\/50353","targetHints":{"allow":["GET"]}}],"collection":[{"href":"https:\/\/www.radiopresidenteibanez.cl\/web\/wp-json\/wp\/v2\/posts"}],"about":[{"href":"https:\/\/www.radiopresidenteibanez.cl\/web\/wp-json\/wp\/v2\/types\/post"}],"author":[{"embeddable":true,"href":"https:\/\/www.radiopresidenteibanez.cl\/web\/wp-json\/wp\/v2\/users\/2"}],"replies":[{"embeddable":true,"href":"https:\/\/www.radiopresidenteibanez.cl\/web\/wp-json\/wp\/v2\/comments?post=50353"}],"version-history":[{"count":0,"href":"https:\/\/www.radiopresidenteibanez.cl\/web\/wp-json\/wp\/v2\/posts\/50353\/revisions"}],"wp:featuredmedia":[{"embeddable":true,"href":"https:\/\/www.radiopresidenteibanez.cl\/web\/wp-json\/wp\/v2\/media\/50354"}],"wp:attachment":[{"href":"https:\/\/www.radiopresidenteibanez.cl\/web\/wp-json\/wp\/v2\/media?parent=50353"}],"wp:term":[{"taxonomy":"category","embeddable":true,"href":"https:\/\/www.radiopresidenteibanez.cl\/web\/wp-json\/wp\/v2\/categories?post=50353"},{"taxonomy":"post_tag","embeddable":true,"href":"https:\/\/www.radiopresidenteibanez.cl\/web\/wp-json\/wp\/v2\/tags?post=50353"}],"curies":[{"name":"wp","href":"https:\/\/api.w.org\/{rel}","templated":true}]}}