{"id":50350,"date":"2024-08-03T11:47:00","date_gmt":"2024-08-03T14:47:00","guid":{"rendered":"https:\/\/www.radiopresidenteibanez.cl\/web\/?p=50350"},"modified":"2024-08-05T09:51:50","modified_gmt":"2024-08-05T12:51:50","slug":"partido-democrata-cristiano-presento-a-sus-candidatas-y-candidatos-al-core-y-municipalidades-de-la-region","status":"publish","type":"post","link":"https:\/\/www.radiopresidenteibanez.cl\/web\/partido-democrata-cristiano-presento-a-sus-candidatas-y-candidatos-al-core-y-municipalidades-de-la-region\/","title":{"rendered":"PARTIDO DEM\u00d3CRATA CRISTIANO PRESENT\u00d3 A SUS CANDIDATAS Y CANDIDATOS AL CORE\u00a0Y MUNICIPALIDADES DE LA \u00a0REGI\u00d3N"},"content":{"rendered":"\n<p>Hoy&nbsp; est\u00e1 aqu\u00ed el fruto de un trabajo coordinado desde la directiva regional presidida por Gloria Chodil Ivanovic, en conjunto con las directivas comunales as\u00ed&nbsp; este d\u00eda Viernes la Democracia Cristiana presenta a quienes ser\u00e1n sus representantes en las elecciones de Cores, Concejales y Municipios el pr\u00f3ximo mes de Octubre.<\/p>\n\n\n\n<p>En esta presentaci\u00f3n, est\u00e1n presentes Natales, Torres del Paine, San Gregorio, Primavera, Cabo de Hornos, Punta Arenas, Magallanes son hombres y mujeres en que se funden&nbsp; Nuestros Pueblos Originarios con los hijos y nietos de los migrante. Es la DC e Independientes que se presentan.<\/p>\n\n\n\n<p>Gloria Chodil, indico que a \u201chemos conformado listas con las mejores personas de nuestro partido e independientes, &nbsp;para representar a los habitantes de nuestra regi\u00f3n de la mejor manera siempre pensando en el desarrollo de nuestros territorio, pensando en la gente que hace de Magallanes su hogar&nbsp; y c\u00f3mo podemos servir de la mejor forma.<\/p>\n\n\n\n<p>Tenemos la responsabilidad como partido de centro izquierda estar siempre trabajando por las demandas de nuestro vecinos y vecinas, la &nbsp;gente le exige a los partidos pol\u00edticos con urgencia una mayor sinton\u00eda&nbsp; con los problemas del d\u00eda a d\u00eda agrego Chodil,<\/p>\n\n\n\n<p>Finalizo indicando la presidenta regional DC, que comenzamos a trabajar en lo que se viene y asumimos una tremenda responsabilidad pol\u00edtica con compromiso social y mejor democracia, tal como lo hemos hecho ayer, hacemos hoy y haremos ma\u00f1ana por chile y por nuestra regi\u00f3n.<\/p>\n","protected":false},"excerpt":{"rendered":"<p>Hoy&nbsp; est\u00e1 aqu\u00ed el fruto de un trabajo coordinado desde la directiva regional presidida por Gloria Chodil Ivanovic, en conjunto con las directivas comunales as\u00ed&nbsp; este d\u00eda Viernes la Democracia&#8230; <a class=\"read-more\" href=\"https:\/\/www.radiopresidenteibanez.cl\/web\/partido-democrata-cristiano-presento-a-sus-candidatas-y-candidatos-al-core-y-municipalidades-de-la-region\/\">Leer m\u00e1s<\/a><\/p>\n","protected":false},"author":2,"featured_media":50351,"comment_status":"closed","ping_status":"closed","sticky":false,"template":"","format":"standard","meta":{"footnotes":""},"categories":[1],"tags":[],"class_list":["post-50350","post","type-post","status-publish","format-standard","has-post-thumbnail","hentry","category-cronica"],"_links":{"self":[{"href":"https:\/\/www.radiopresidenteibanez.cl\/web\/wp-json\/wp\/v2\/posts\/50350","targetHints":{"allow":["GET"]}}],"collection":[{"href":"https:\/\/www.radiopresidenteibanez.cl\/web\/wp-json\/wp\/v2\/posts"}],"about":[{"href":"https:\/\/www.radiopresidenteibanez.cl\/web\/wp-json\/wp\/v2\/types\/post"}],"author":[{"embeddable":true,"href":"https:\/\/www.radiopresidenteibanez.cl\/web\/wp-json\/wp\/v2\/users\/2"}],"replies":[{"embeddable":true,"href":"https:\/\/www.radiopresidenteibanez.cl\/web\/wp-json\/wp\/v2\/comments?post=50350"}],"version-history":[{"count":0,"href":"https:\/\/www.radiopresidenteibanez.cl\/web\/wp-json\/wp\/v2\/posts\/50350\/revisions"}],"wp:featuredmedia":[{"embeddable":true,"href":"https:\/\/www.radiopresidenteibanez.cl\/web\/wp-json\/wp\/v2\/media\/50351"}],"wp:attachment":[{"href":"https:\/\/www.radiopresidenteibanez.cl\/web\/wp-json\/wp\/v2\/media?parent=50350"}],"wp:term":[{"taxonomy":"category","embeddable":true,"href":"https:\/\/www.radiopresidenteibanez.cl\/web\/wp-json\/wp\/v2\/categories?post=50350"},{"taxonomy":"post_tag","embeddable":true,"href":"https:\/\/www.radiopresidenteibanez.cl\/web\/wp-json\/wp\/v2\/tags?post=50350"}],"curies":[{"name":"wp","href":"https:\/\/api.w.org\/{rel}","templated":true}]}}