{"id":5035,"date":"2019-06-14T18:25:45","date_gmt":"2019-06-14T18:25:45","guid":{"rendered":"http:\/\/www.radiopresidenteibanez.cl\/web\/?p=5035"},"modified":"2019-06-14T18:26:04","modified_gmt":"2019-06-14T18:26:04","slug":"familia-preparada-la-nueva-guia-del-minvu-y-onemi-que-entrega-recomendaciones-para-enfrentar-emergencias","status":"publish","type":"post","link":"https:\/\/www.radiopresidenteibanez.cl\/web\/familia-preparada-la-nueva-guia-del-minvu-y-onemi-que-entrega-recomendaciones-para-enfrentar-emergencias\/","title":{"rendered":"\u201cFAMILIA PREPARADA\u201d, LA NUEVA GU\u00cdA DEL MINVU Y ONEMI QUE ENTREGA RECOMENDACIONES PARA ENFRENTAR EMERGENCIAS"},"content":{"rendered":"\n<p>\u201cComo Estado debemos estar preparados para prevenir y saber reaccionar cuando las cat\u00e1strofes llegan\u201d. Con estas palabras el ministro de Vivienda y Urbanismo, Cristi\u00e1n Monckeberg, present\u00f3 la nueva gu\u00eda&nbsp;<strong>\u201cFamilia Preparada\u201d<\/strong>, un documento desarrollado junto con Onemi donde se entregan recomendaciones para que los grupos familiares tomen medidas para estar m\u00e1s seguros y mejor preparados en caso de emergencias.<\/p>\n\n\n\n<p>El titular del Minvu, en compa\u00f1\u00eda del director de la Oficina Nacional de Emergencia (Onemi), Ricardo Toro, visit\u00f3 esta ma\u00f1ana a vecinos del conjunto Portal La Florida, a quienes les entreg\u00f3 la nueva gu\u00eda y capacit\u00f3 sobre c\u00f3mo enfrentar cat\u00e1strofes naturales e identificar las zonas de seguridad del hogar y condominios.<\/p>\n\n\n\n<p>\u201cEste es un convenio in\u00e9dito que estamos celebrando con la Onemi, donde nos est\u00e1n ense\u00f1ando a c\u00f3mo enfrentar determinadas amenazas a las que la naturaleza permanentemente nos tiene acostumbrados y c\u00f3mo asumir roles importantes en cada uno de nuestros hogares para enfrentar las cat\u00e1strofes de buena manera\u201d, indic\u00f3 el ministro Cristi\u00e1n Monckeberg.<\/p>\n\n\n\n<p>A su vez, Bernardita Paul, Encargada Nacional de Reducci\u00f3n de Riesgo de Desastres y Reconstrucci\u00f3n del Ministerio, se\u00f1al\u00f3 que, \u201clo que llamamos hoy d\u00eda desastres naturales, no son naturales, sino m\u00e1s bien producto de sociedades vulnerables, y es por eso que como Ministerio, como Estado, queremos abarcar este tema\u201d.<\/p>\n\n\n\n<p>Por su parte, el director Ricardo Toro, afirm\u00f3 que el convenio con el Minvu \u201cmarca una gran&nbsp; importancia pues para accionar y actuar adecuadamente, Chile tiene un sistema y en ese sistema el \u00e1mbito sectorial es fundamental, y as\u00ed el ministerio incorpora la reducci\u00f3n de riesgo de desastres en sus planes matrices y lineamientos, sobre lo que tiene que hacer en su sector\u201d.<\/p>\n\n\n\n<p>La gu\u00eda contiene ocho pasos a seguir, algunos consejos para evitar accidentes, y un recordatorio a las familias para verificar si se cumplieron los objetivos al final de cada paso. Estos son:<\/p>\n\n\n\n<p>1-.&nbsp;<strong>Informaci\u00f3n del grupo familiar&nbsp;<\/strong>(qui\u00e9nes lo componen, nombre, edad, tel\u00e9fono, y si toma medicamentos o si usa bast\u00f3n, por ejemplo).<\/p>\n\n\n\n<p>2-.&nbsp;<strong>Identifica las amenazas existentes dentro y fuera de la vivienda<\/strong>&nbsp;(ejemplo: enchufes en mal estado, presencia de braseros o estufas en mal estado en uso).<\/p>\n\n\n\n<p>3<strong>-. Definir lugares de protecci\u00f3n o zonas de seguridad, puntos de encuentro y v\u00edas de evacuaci\u00f3n.<\/strong><\/p>\n\n\n\n<p>4-.&nbsp;<strong>Dibuja un mapa de tu vivienda.<\/strong><\/p>\n\n\n\n<p>5-.&nbsp;<strong>Define roles en la emergencia<\/strong>&nbsp;(si tienes mascota define tambi\u00e9n acciones para su cuidado).<\/p>\n\n\n\n<p>6-.&nbsp;<strong>Elabora un directorio de contactos en caso de emergencia.<\/strong><\/p>\n\n\n\n<p>7-.&nbsp;<strong>Arma tu kit b\u00e1sico de emergencia<\/strong>&nbsp;(ejemplo: agua, linterna y pilas, dinero efectivo, etc).<\/p>\n\n\n\n<p>8-.\u00a0<strong>Practica el Plan Familia Preparada<\/strong>\u00a0(una vez elaborados los 7 puntos anteriores, ponlo en pr\u00e1ctica, de esta manera podr\u00e1s identificar lo que es necesario para mejorar).<\/p>\n\n\n\n<figure class=\"wp-block-image\"><img loading=\"lazy\" decoding=\"async\" width=\"700\" height=\"467\" src=\"https:\/\/www.radiopresidenteibanez.cl\/web\/wp-content\/uploads\/2019\/06\/image004.jpg\" alt=\"\" class=\"wp-image-5036\" srcset=\"https:\/\/www.radiopresidenteibanez.cl\/web\/wp-content\/uploads\/2019\/06\/image004.jpg 700w, https:\/\/www.radiopresidenteibanez.cl\/web\/wp-content\/uploads\/2019\/06\/image004-300x200.jpg 300w\" sizes=\"auto, (max-width: 700px) 100vw, 700px\" \/><\/figure>\n","protected":false},"excerpt":{"rendered":"<p>\u201cComo Estado debemos estar preparados para prevenir y saber reaccionar cuando las cat\u00e1strofes llegan\u201d. Con estas palabras el ministro de Vivienda y Urbanismo, Cristi\u00e1n Monckeberg, present\u00f3 la nueva gu\u00eda&nbsp;\u201cFamilia Preparada\u201d,&#8230; <a class=\"read-more\" href=\"https:\/\/www.radiopresidenteibanez.cl\/web\/familia-preparada-la-nueva-guia-del-minvu-y-onemi-que-entrega-recomendaciones-para-enfrentar-emergencias\/\">Leer m\u00e1s<\/a><\/p>\n","protected":false},"author":2,"featured_media":5036,"comment_status":"closed","ping_status":"closed","sticky":false,"template":"","format":"standard","meta":{"footnotes":""},"categories":[1],"tags":[],"class_list":["post-5035","post","type-post","status-publish","format-standard","has-post-thumbnail","hentry","category-cronica"],"_links":{"self":[{"href":"https:\/\/www.radiopresidenteibanez.cl\/web\/wp-json\/wp\/v2\/posts\/5035","targetHints":{"allow":["GET"]}}],"collection":[{"href":"https:\/\/www.radiopresidenteibanez.cl\/web\/wp-json\/wp\/v2\/posts"}],"about":[{"href":"https:\/\/www.radiopresidenteibanez.cl\/web\/wp-json\/wp\/v2\/types\/post"}],"author":[{"embeddable":true,"href":"https:\/\/www.radiopresidenteibanez.cl\/web\/wp-json\/wp\/v2\/users\/2"}],"replies":[{"embeddable":true,"href":"https:\/\/www.radiopresidenteibanez.cl\/web\/wp-json\/wp\/v2\/comments?post=5035"}],"version-history":[{"count":0,"href":"https:\/\/www.radiopresidenteibanez.cl\/web\/wp-json\/wp\/v2\/posts\/5035\/revisions"}],"wp:featuredmedia":[{"embeddable":true,"href":"https:\/\/www.radiopresidenteibanez.cl\/web\/wp-json\/wp\/v2\/media\/5036"}],"wp:attachment":[{"href":"https:\/\/www.radiopresidenteibanez.cl\/web\/wp-json\/wp\/v2\/media?parent=5035"}],"wp:term":[{"taxonomy":"category","embeddable":true,"href":"https:\/\/www.radiopresidenteibanez.cl\/web\/wp-json\/wp\/v2\/categories?post=5035"},{"taxonomy":"post_tag","embeddable":true,"href":"https:\/\/www.radiopresidenteibanez.cl\/web\/wp-json\/wp\/v2\/tags?post=5035"}],"curies":[{"name":"wp","href":"https:\/\/api.w.org\/{rel}","templated":true}]}}